{"id":63161,"date":"2022-09-02T13:01:57","date_gmt":"2022-09-02T08:01:57","guid":{"rendered":"https:\/\/zamanturkmenistan.com.tm\/?p=63161"},"modified":"2022-09-02T13:01:57","modified_gmt":"2022-09-02T08:01:57","slug":"milanyn-taze-yas-transferleri","status":"publish","type":"post","link":"https:\/\/zamanturkmenistan.com.tm\/?p=63161","title":{"rendered":"\u201cMilany\u0148\u201d t\u00e4ze \u00fda\u015f transferleri"},"content":{"rendered":"\n<p><\/p>\n\n\n\n<p>Itali\u00fdany\u0148 Milan kluby transfer m\u00f6ws\u00fcmini\u0148 so\u0148ky g\u00fcnlerinde 2 o\u00fdun\u00e7yny k\u00e4rendesine transfer etdi. Milan topary Barselonany\u0148 amerikaly sag gyraky gorag\u00e7ysy Serjinio Desti 1 \u00fdyllyk \u015fertnama bilen d\u00fcz\u00fcmine go\u015fdy. Eger-de Milan m\u00f6ws\u00fcmi\u0148 ahyrynda 21 \u00fda\u015fyndaky o\u00fdun\u00e7yny 20 million \u00fdewro berip, 4 \u00fdyllyk \u015fertnama bilen transfer hem edip biler. Dest ge\u00e7en m\u00f6ws\u00fcm La Ligada 21 o\u00fdunda me\u00fddan\u00e7a \u00e7ykdy. \u015ee\u00fdle-de, Milan topary nemes kluby Wolfsburgy\u0148 hawbeki Aster Wranksy hem 1 \u00fdyllyk k\u00e4rendesine d\u00fcz\u00fcmine go\u015fdy. 19 \u00fda\u015fyndaky awstri\u00fdaly \u00fdarymgorag\u00e7yny\u0148 k\u00e4rende t\u00f6legi \u00fc\u00e7in Milan Wolfsburga 2 million \u00fdewro berer. Geljek m\u00f6ws\u00fcmde-de 12 million \u00fdewro berip transfer etmek hukugy-da Milana berildi. Wranks ge\u00e7en m\u00f6ws\u00fcmde 24 o\u00fdunda 2 gol ge\u00e7irdi.<\/p>\n","protected":false},"excerpt":{"rendered":"<p>Itali\u00fdany\u0148 Milan kluby transfer m\u00f6ws\u00fcmini\u0148 so\u0148ky g\u00fcnlerinde 2 o\u00fdun\u00e7yny k\u00e4rendesine transfer etdi. Milan topary Barselonany\u0148 amerikaly sag gyraky gorag\u00e7ysy Serjinio Desti 1 \u00fdyllyk \u015fertnama bilen d\u00fcz\u00fcmine go\u015fdy. Eger-de Milan m\u00f6ws\u00fcmi\u0148 ahyrynda 21 \u00fda\u015fyndaky o\u00fdun\u00e7yny 20 million \u00fdewro berip, 4 \u00fdyllyk \u015fertnama bilen transfer hem edip biler. Dest ge\u00e7en m\u00f6ws\u00fcm La Ligada 21 o\u00fdunda me\u00fddan\u00e7a \u00e7ykdy. [&hellip;]<\/p>\n","protected":false},"author":2,"featured_media":63165,"comment_status":"open","ping_status":"closed","sticky":false,"template":"","format":"standard","meta":{"footnotes":""},"categories":[13],"tags":[],"acf":[],"_links":{"self":[{"href":"https:\/\/zamanturkmenistan.com.tm\/index.php?rest_route=\/wp\/v2\/posts\/63161"}],"collection":[{"href":"https:\/\/zamanturkmenistan.com.tm\/index.php?rest_route=\/wp\/v2\/posts"}],"about":[{"href":"https:\/\/zamanturkmenistan.com.tm\/index.php?rest_route=\/wp\/v2\/types\/post"}],"author":[{"embeddable":true,"href":"https:\/\/zamanturkmenistan.com.tm\/index.php?rest_route=\/wp\/v2\/users\/2"}],"replies":[{"embeddable":true,"href":"https:\/\/zamanturkmenistan.com.tm\/index.php?rest_route=%2Fwp%2Fv2%2Fcomments&post=63161"}],"version-history":[{"count":1,"href":"https:\/\/zamanturkmenistan.com.tm\/index.php?rest_route=\/wp\/v2\/posts\/63161\/revisions"}],"predecessor-version":[{"id":63166,"href":"https:\/\/zamanturkmenistan.com.tm\/index.php?rest_route=\/wp\/v2\/posts\/63161\/revisions\/63166"}],"wp:featuredmedia":[{"embeddable":true,"href":"https:\/\/zamanturkmenistan.com.tm\/index.php?rest_route=\/wp\/v2\/media\/63165"}],"wp:attachment":[{"href":"https:\/\/zamanturkmenistan.com.tm\/index.php?rest_route=%2Fwp%2Fv2%2Fmedia&parent=63161"}],"wp:term":[{"taxonomy":"category","embeddable":true,"href":"https:\/\/zamanturkmenistan.com.tm\/index.php?rest_route=%2Fwp%2Fv2%2Fcategories&post=63161"},{"taxonomy":"post_tag","embeddable":true,"href":"https:\/\/zamanturkmenistan.com.tm\/index.php?rest_route=%2Fwp%2Fv2%2Ftags&post=63161"}],"curies":[{"name":"wp","href":"https:\/\/api.w.org\/{rel}","templated":true}]}}