{"id":6346,"date":"2017-03-06T12:08:24","date_gmt":"2017-03-06T12:08:24","guid":{"rendered":"http:\/\/zamanturkmenistan.com\/?p=6346"},"modified":"2017-03-09T12:54:22","modified_gmt":"2017-03-09T12:54:22","slug":"ozbegistanyn-prezidenti-turkmenistana-ilkinji-saparyny-amala-asyrdy","status":"publish","type":"post","link":"https:\/\/zamanturkmenistan.com.tm\/?p=6346","title":{"rendered":"\u00d6zbegistany\u0148 Prezidenti T\u00fcrkmenistana ilkinji saparyny amala a\u015fyrdy"},"content":{"rendered":"<p>\u00d6zbegistan Respublikasyny\u0148 Prezidenti \u015eawkat Mirzi\u00fdo\u00fdew d\u00f6wlet sapar bilen T\u00fcrkmenistana geldi. Iki dostlukly \u00fdurdu\u0148 D\u00f6wlet ba\u00fddaklary bilen bezelen A\u015fgabady\u0148 Halkara howa menzilinde \u00f6zbek liderini resmi adamlar gar\u015fyladylar.<\/p>\n<p>A\u015fgabada gelen \u00d6zbegistan Respublikasyny\u0148 Prezidenti \u015eawkat Mirzi\u00fdo\u00fdewi\u0148 Gara\u015fsyzlyk me\u00fddan\u00e7asynda dabaraly resmi gar\u015fylany\u015fy boldy. Bu \u00fderde T\u00fcrkmenistany\u0148 Prezidenti Gurbanguly Berdimuhamedow \u00f6z k\u00e4rde\u015fini m\u00fcb\u00e4rekledi.<\/p>\n<p>Prezidentler Gurbanguly Berdimuhamedow we \u015eawkat Mirzi\u00fdo\u00fdew hormatly atlylar d\u00fcz\u00fcmini\u0148 ugratmagynda awtoulagda T\u00fcrkmenistany\u0148 Prezidentini\u0148 \u201cOguzhan\u201d k\u00f6\u015fkler toplumyna tarap ugradylar. \u015eol \u00fderde \u00fdokary derejed\u00e4ki ikitarapla\u00fdyn geple\u015fikler ge\u00e7irildi.<\/p>\n<p>\u00ddokary derejed\u00e4ki t\u00fcrkmen-\u00f6zbek geple\u015fikleri tamamlananso\u0148, ikitarapla\u00fdyn resminamalara gol \u00e7ekmek dabarasy boldy. Prezidentler Gurbanguly Berdimuhamedow we \u015eawkat Mirzi\u00fdo\u00fdew Bilelikd\u00e4ki Be\u00fdannamany kabul etdiler hem-de T\u00fcrkmenistany\u0148 we \u00d6zbegistan Respublikasyny\u0148 arasynda strategik hyzmatda\u015flyk hakyndaky \u015eertnama gol \u00e7ekdiler.<\/p>\n<p>Iki \u00fdurdu\u0148 Prezidentlerini\u0148 gatna\u015fmagynda 2018-2020-nji \u00fdyllarda ykdysady ta\u00fddan hyzmatda\u015flyk etmek hakyndaky \u015eertnama, Demir \u00fdol ulaglary babatda hyzmatda\u015flygy mundan be\u00fdl\u00e4k-de \u00f6sd\u00fcrmek hakynda \u00c4htnama, medeni-ynsanperwer ulgamynda 2017-2019-njy \u00fdyllarda hyzmatda\u015flyk etmegi\u0148 Maksatnamasyna, T\u00fcrkmenistany\u0148 we \u00d6zbegistan Respublikasyny\u0148 Da\u015fary i\u015fler ministrliklerini\u0148 arasynda 2017-2018-nji \u00fdyllarda hyzmatda\u015flyk Maksatnamasyna gol \u00e7ekildi.<\/p>\n<p><img decoding=\"async\" loading=\"lazy\" class=\"alignnone size-full wp-image-6351\" src=\"http:\/\/zamanturkmenistan.com\/wp-content\/uploads\/2017\/03\/5X2A6637.jpg\" alt=\"\" width=\"720\" height=\"520\" srcset=\"https:\/\/zamanturkmenistan.com.tm\/wp-content\/uploads\/2017\/03\/5X2A6637.jpg 720w, https:\/\/zamanturkmenistan.com.tm\/wp-content\/uploads\/2017\/03\/5X2A6637-300x217.jpg 300w, https:\/\/zamanturkmenistan.com.tm\/wp-content\/uploads\/2017\/03\/5X2A6637-324x235.jpg 324w, https:\/\/zamanturkmenistan.com.tm\/wp-content\/uploads\/2017\/03\/5X2A6637-696x503.jpg 696w, https:\/\/zamanturkmenistan.com.tm\/wp-content\/uploads\/2017\/03\/5X2A6637-582x420.jpg 582w\" sizes=\"(max-width: 720px) 100vw, 720px\" \/>\u015ee\u00fdle hem sebitleri\u0148 arasynda &#8211; Da\u015foguz wela\u00fdaty bilen Horezm oblastyny\u0148 hem-de Lebap wela\u00fdaty bilen Buhara oblastyny\u0148 arasynda S\u00f6wda-ykdysady we medeni-ynsanperwer ugurlarda hyzmatda\u015flyk etmek hakynda Ylala\u015fyklara gol \u00e7ekildi. T\u00fcrkmenistany\u0148 Demir \u00fdol ulaglary, Oba we suw hojalygy ministrlikleri, \u201cT\u00fcrkmenhimi\u00fda\u201d D\u00f6wlet konserni \u00d6zbegistany\u0148 k\u00e4rhanalary hem-de edaralary bilen \u015eertnamalary bagla\u015fdylar.<\/p>\n<p>Iki \u00fdurdu\u0148 liderleri k\u00f6p\u00e7\u00fclikle\u00fdin habar beri\u015f seri\u015fdelerini\u0148 wekillerini\u0148 \u00f6\u0148\u00fcnde \u00fd\u00fczlenme bilen hem \u00e7yky\u015f etdiler.<\/p>\n<p>Ertir, 7-nji martda iki \u00fdurdu\u0148 Liderleri Lebap wela\u00fdatyna baryp, T\u00fcrkmenabat-Farap demir \u00fdol we awtomobil k\u00f6pr\u00fclerini\u0148 a\u00e7yly\u015f dabarasyna gatna\u015farlar.<\/p>\n","protected":false},"excerpt":{"rendered":"<p>\u00d6zbegistan Respublikasyny\u0148 Prezidenti \u015eawkat Mirzi\u00fdo\u00fdew d\u00f6wlet sapar bilen T\u00fcrkmenistana geldi. Iki dostlukly \u00fdurdu\u0148 D\u00f6wlet ba\u00fddaklary bilen bezelen A\u015fgabady\u0148 Halkara howa menzilinde \u00f6zbek liderini resmi adamlar gar\u015fyladylar. A\u015fgabada gelen \u00d6zbegistan Respublikasyny\u0148 Prezidenti \u015eawkat Mirzi\u00fdo\u00fdewi\u0148 Gara\u015fsyzlyk me\u00fddan\u00e7asynda dabaraly resmi gar\u015fylany\u015fy boldy. Bu \u00fderde T\u00fcrkmenistany\u0148 Prezidenti Gurbanguly Berdimuhamedow \u00f6z k\u00e4rde\u015fini m\u00fcb\u00e4rekledi. Prezidentler Gurbanguly Berdimuhamedow we \u015eawkat Mirzi\u00fdo\u00fdew hormatly [&hellip;]<\/p>\n","protected":false},"author":1,"featured_media":6359,"comment_status":"open","ping_status":"closed","sticky":false,"template":"","format":"standard","meta":{"footnotes":""},"categories":[3],"tags":[],"acf":[],"_links":{"self":[{"href":"https:\/\/zamanturkmenistan.com.tm\/index.php?rest_route=\/wp\/v2\/posts\/6346"}],"collection":[{"href":"https:\/\/zamanturkmenistan.com.tm\/index.php?rest_route=\/wp\/v2\/posts"}],"about":[{"href":"https:\/\/zamanturkmenistan.com.tm\/index.php?rest_route=\/wp\/v2\/types\/post"}],"author":[{"embeddable":true,"href":"https:\/\/zamanturkmenistan.com.tm\/index.php?rest_route=\/wp\/v2\/users\/1"}],"replies":[{"embeddable":true,"href":"https:\/\/zamanturkmenistan.com.tm\/index.php?rest_route=%2Fwp%2Fv2%2Fcomments&post=6346"}],"version-history":[{"count":0,"href":"https:\/\/zamanturkmenistan.com.tm\/index.php?rest_route=\/wp\/v2\/posts\/6346\/revisions"}],"wp:featuredmedia":[{"embeddable":true,"href":"https:\/\/zamanturkmenistan.com.tm\/index.php?rest_route=\/wp\/v2\/media\/6359"}],"wp:attachment":[{"href":"https:\/\/zamanturkmenistan.com.tm\/index.php?rest_route=%2Fwp%2Fv2%2Fmedia&parent=6346"}],"wp:term":[{"taxonomy":"category","embeddable":true,"href":"https:\/\/zamanturkmenistan.com.tm\/index.php?rest_route=%2Fwp%2Fv2%2Fcategories&post=6346"},{"taxonomy":"post_tag","embeddable":true,"href":"https:\/\/zamanturkmenistan.com.tm\/index.php?rest_route=%2Fwp%2Fv2%2Ftags&post=6346"}],"curies":[{"name":"wp","href":"https:\/\/api.w.org\/{rel}","templated":true}]}}