{"id":63465,"date":"2022-09-08T18:16:57","date_gmt":"2022-09-08T13:16:57","guid":{"rendered":"https:\/\/zamanturkmenistan.com.tm\/?p=63465"},"modified":"2022-09-08T18:16:58","modified_gmt":"2022-09-08T13:16:58","slug":"yewropa-bazarynda-has-kop-ulag-satar","status":"publish","type":"post","link":"https:\/\/zamanturkmenistan.com.tm\/?p=63465","title":{"rendered":"\u00ddewropa bazarynda has k\u00f6p ulag satar"},"content":{"rendered":"\n<p>Aw\u00adtou\u00adlag \u00f6n\u00fcm\u00ad\u00e7i\u00adli\u00adgi bi\u00adlen me\u015f\u00adgul\u00adlan\u00ad\u00fdan Hy\u00adta\u00ad\u00fdy\u0148 BYD kom\u00adpa\u00adni\u00ad\u00fda\u00adsy \u00ddew\u00adro\u00adpa\u00adda\u00adky sa\u00adtu\u00adwy\u00adny art\u00addyr\u00adma\u00adgy me\u00ad\u00fdil\u00adle\u015f\u00addir\u00ad\u00fd\u00e4r. Bir \u00fdyl\u00addan b\u00e4\u00adri kom\u00adpa\u00adni\u00ad\u00fda\u00adny\u0148 \u201cTang\u201d at\u00adly elekt\u00adrik ener\u00adgi\u00ad\u00fda\u00adsy bi\u00adlen i\u015f\u00adle\u00ad\u00fd\u00e4n SUV mo\u00adde\u00adli Nor\u00adwe\u00adgi\u00ad\u00fda\u00adda sa\u00adtyl\u00ad\u00fdar. Aw\u00adtou\u00adlag \u00f6n\u00add\u00fc\u00adri\u00adji\u00adsi \u00fda\u00adkyn\u00adda \u00fde\u00adne-de d\u00f6rt \u00fdurt\u00adda elekt\u00adrou\u00adlag sa\u00adtu\u00adwy\u00adny \u00fdo\u00adla go\u00ad\u00fdar. Mun\u00addan ozal kom\u00adpa\u00adni\u00ad\u00fda ger\u00adma\u00adni\u00ad\u00fda\u00adda we \u015ewe\u00adsi\u00ad\u00fda\u00adda \u00f6z ulag\u00adla\u00adry\u00adny sat\u00adjak\u00addy\u00adgy\u00adny m\u00e4\u00adlim edip\u00addi. In\u00addi bol\u00adsa BYD Ni\u00adder\u00adland\u00adla\u00adra we Da\u00adni\u00ad\u00fda hem aw\u00adtou\u00adlag ibe\u00adrer. Bu \u00fdurt\u00adlar\u00adda il\u00adkin\u00adji ulag\u00adlar \u00fdy\u00adly\u0148 so\u0148\u00adky \u00e7\u00e4r\u00ad\u00fde\u00adgin\u00adde m\u00fc\u015f\u00adde\u00adri\u00adle\u00adre \u00fde\u00adti\u00adri\u00adlip ba\u015f\u00adla\u00adnar. Kom\u00adpa\u00adni\u00ad\u00fda aw\u00adtou\u00adlag sat\u00admak \u00fc\u00e7in Ni\u00adder\u00adland\u00adlar\u00adda \u201cLo\u00aduw\u00adman\u201d, \u015ewe\u00adsi\u00ad\u00fda\u00adda we Ger\u00adma\u00adni\u00ad\u00fda\u00adda \u201cHe\u00addin Mo\u00adbi\u00adli\u00adty Group\u201d we Da\u00adni\u00ad\u00fda\u00adda \u201cNic. Chris\u00adti\u00adan\u00adsen Group\u201d \u015fe\u00adre\u00adket\u00adle\u00adri bi\u00adlen yla\u00adla\u015f\u00addy. Bu \u015fe\u00adre\u00adket\u00adle\u00adri\u0148 bir\u00adn\u00e4\u00ad\u00e7e \u015fa\u00adham\u00ad\u00e7a\u00adsy bo\u00adlup, uly sa\u00adtuw zyn\u00adjy\u00adry\u00adna e\u00fde bo\u00adlup dur\u00ad\u00fdar\u00adlar.<br>Hy\u00adta\u00fd kom\u00adpa\u00adni\u00ad\u00fda\u00adsy \u201cTang\u201d mo\u00adde\u00adli bi\u00adlen bir ha\u00adtar\u00adda \u201cAt\u00adto 3\u201d we \u201cHan\u201d at\u00adly mo\u00addel\u00adle\u00adri hem \u00ddew\u00adro\u00adpa ba\u00adza\u00adry\u00adna ibe\u00adrer. Bu ulag\u00adla\u00adry\u0148 teh\u00adni\u00adki ba\u00adbat\u00adda Hy\u00adta\u00fd\u00adda sa\u00adtyl\u00ad\u00fdan ulag\u00adlar\u00addan ta\u00adpa\u00adwu\u00addy \u00fdok. \u00ddew\u00adro\u00adpa\u00adda sa\u00adtyl\u00adjak ulag\u00adlar gel\u00adjek a\u00fd Pa\u00adri\u017e\u00adde ge\u00ad\u00e7i\u00adril\u00adjek aw\u00adtou\u00adlag ser\u00adgi\u00adsin\u00adde g\u00f6r\u00adke\u00adzi\u00adler.<br>\u00dda\u00adkup\u00adber\u00addi Hak\u00addur\u00addy\u00ad\u00fdew, T\u00fcrk\u00admen d\u00f6w\u00adlet bi\u00adna\u00adg\u00e4r\u00adlik-gur\u00adlu\u00ad\u015fyk ins\u00adti\u00adtu\u00adtu\u00adny\u0148 ta\u00adly\u00adby<\/p>\n","protected":false},"excerpt":{"rendered":"<p>Aw\u00adtou\u00adlag \u00f6n\u00fcm\u00ad\u00e7i\u00adli\u00adgi bi\u00adlen me\u015f\u00adgul\u00adlan\u00ad\u00fdan Hy\u00adta\u00ad\u00fdy\u0148 BYD kom\u00adpa\u00adni\u00ad\u00fda\u00adsy \u00ddew\u00adro\u00adpa\u00adda\u00adky sa\u00adtu\u00adwy\u00adny art\u00addyr\u00adma\u00adgy me\u00ad\u00fdil\u00adle\u015f\u00addir\u00ad\u00fd\u00e4r. Bir \u00fdyl\u00addan b\u00e4\u00adri kom\u00adpa\u00adni\u00ad\u00fda\u00adny\u0148 \u201cTang\u201d at\u00adly elekt\u00adrik ener\u00adgi\u00ad\u00fda\u00adsy bi\u00adlen i\u015f\u00adle\u00ad\u00fd\u00e4n SUV mo\u00adde\u00adli Nor\u00adwe\u00adgi\u00ad\u00fda\u00adda sa\u00adtyl\u00ad\u00fdar. Aw\u00adtou\u00adlag \u00f6n\u00add\u00fc\u00adri\u00adji\u00adsi \u00fda\u00adkyn\u00adda \u00fde\u00adne-de d\u00f6rt \u00fdurt\u00adda elekt\u00adrou\u00adlag sa\u00adtu\u00adwy\u00adny \u00fdo\u00adla go\u00ad\u00fdar. Mun\u00addan ozal kom\u00adpa\u00adni\u00ad\u00fda ger\u00adma\u00adni\u00ad\u00fda\u00adda we \u015ewe\u00adsi\u00ad\u00fda\u00adda \u00f6z ulag\u00adla\u00adry\u00adny sat\u00adjak\u00addy\u00adgy\u00adny m\u00e4\u00adlim edip\u00addi. In\u00addi bol\u00adsa BYD Ni\u00adder\u00adland\u00adla\u00adra we Da\u00adni\u00ad\u00fda hem aw\u00adtou\u00adlag ibe\u00adrer. [&hellip;]<\/p>\n","protected":false},"author":2,"featured_media":63466,"comment_status":"open","ping_status":"closed","sticky":false,"template":"","format":"standard","meta":{"footnotes":""},"categories":[8],"tags":[],"acf":[],"_links":{"self":[{"href":"https:\/\/zamanturkmenistan.com.tm\/index.php?rest_route=\/wp\/v2\/posts\/63465"}],"collection":[{"href":"https:\/\/zamanturkmenistan.com.tm\/index.php?rest_route=\/wp\/v2\/posts"}],"about":[{"href":"https:\/\/zamanturkmenistan.com.tm\/index.php?rest_route=\/wp\/v2\/types\/post"}],"author":[{"embeddable":true,"href":"https:\/\/zamanturkmenistan.com.tm\/index.php?rest_route=\/wp\/v2\/users\/2"}],"replies":[{"embeddable":true,"href":"https:\/\/zamanturkmenistan.com.tm\/index.php?rest_route=%2Fwp%2Fv2%2Fcomments&post=63465"}],"version-history":[{"count":1,"href":"https:\/\/zamanturkmenistan.com.tm\/index.php?rest_route=\/wp\/v2\/posts\/63465\/revisions"}],"predecessor-version":[{"id":63467,"href":"https:\/\/zamanturkmenistan.com.tm\/index.php?rest_route=\/wp\/v2\/posts\/63465\/revisions\/63467"}],"wp:featuredmedia":[{"embeddable":true,"href":"https:\/\/zamanturkmenistan.com.tm\/index.php?rest_route=\/wp\/v2\/media\/63466"}],"wp:attachment":[{"href":"https:\/\/zamanturkmenistan.com.tm\/index.php?rest_route=%2Fwp%2Fv2%2Fmedia&parent=63465"}],"wp:term":[{"taxonomy":"category","embeddable":true,"href":"https:\/\/zamanturkmenistan.com.tm\/index.php?rest_route=%2Fwp%2Fv2%2Fcategories&post=63465"},{"taxonomy":"post_tag","embeddable":true,"href":"https:\/\/zamanturkmenistan.com.tm\/index.php?rest_route=%2Fwp%2Fv2%2Ftags&post=63465"}],"curies":[{"name":"wp","href":"https:\/\/api.w.org\/{rel}","templated":true}]}}