{"id":63719,"date":"2022-09-11T16:57:11","date_gmt":"2022-09-11T11:57:11","guid":{"rendered":"https:\/\/zamanturkmenistan.com.tm\/?p=63719"},"modified":"2022-09-11T16:57:11","modified_gmt":"2022-09-11T11:57:11","slug":"swesiyada-parlament-saylawlary","status":"publish","type":"post","link":"https:\/\/zamanturkmenistan.com.tm\/?p=63719","title":{"rendered":"\u015ewesi\u00fdada Parlament sa\u00fdlawlary"},"content":{"rendered":"\n<p>\u015ewesi\u00fdada Parlament sa\u00fdlawlary ge\u00e7iril\u00fd\u00e4r, \u00fdurdu\u0148 ra\u00fdatlary Riksdagy\u0148 (parlament) we \u00fderli \u00f6z-\u00f6z\u00fc\u0148i dolandyry\u015f edaralaryny\u0148 wekillerini sa\u00fdlamaly bolarlar.<\/p>\n\n\n\n<p>Bilermenleri\u0148 pikiri\u00e7e, b\u00e4sde\u015flik, esasan, merkezi \u00e7ep bilen sag toparlary\u0148 arasynda bolup ge\u00e7er. Merkezi \u00e7ep topara Prem\u00fder-ministr Magdalena Anderssony\u0148 dolandyr\u00fdan Sosial-demokratik z\u00e4hmet parti\u00fdasy, \u00c7ep\u00e7i parti\u00fdasy we \u201c\u00dda\u015fyllar\u201d gir\u00fd\u00e4r.<\/p>\n\n\n\n<p>Sag\u00e7y konserwatiw blogy\u0148 agzalaryny\u0148 arasynda &#8211; \u00f6\u0148debaryjy oppozisi\u00fda g\u00fc\u00fdji, Aram koalisi\u00fda parti\u00fdasy, \u015fe\u00fdle-de so\u0148ky d\u00f6w\u00fcrde me\u015fhurlyk gazan\u00fdan \u015ewesi\u00fda Demokratlar hereketi bar.<\/p>\n\n\n\n<p>Sa\u00fdlawlary\u0148 ilkinji netijeleri 12-nji sent\u00fdarda ag\u015fam belli bolar.<\/p>\n","protected":false},"excerpt":{"rendered":"<p>\u015ewesi\u00fdada Parlament sa\u00fdlawlary ge\u00e7iril\u00fd\u00e4r, \u00fdurdu\u0148 ra\u00fdatlary Riksdagy\u0148 (parlament) we \u00fderli \u00f6z-\u00f6z\u00fc\u0148i dolandyry\u015f edaralaryny\u0148 wekillerini sa\u00fdlamaly bolarlar. Bilermenleri\u0148 pikiri\u00e7e, b\u00e4sde\u015flik, esasan, merkezi \u00e7ep bilen sag toparlary\u0148 arasynda bolup ge\u00e7er. Merkezi \u00e7ep topara Prem\u00fder-ministr Magdalena Anderssony\u0148 dolandyr\u00fdan Sosial-demokratik z\u00e4hmet parti\u00fdasy, \u00c7ep\u00e7i parti\u00fdasy we \u201c\u00dda\u015fyllar\u201d gir\u00fd\u00e4r. Sag\u00e7y konserwatiw blogy\u0148 agzalaryny\u0148 arasynda &#8211; \u00f6\u0148debaryjy oppozisi\u00fda g\u00fc\u00fdji, Aram koalisi\u00fda parti\u00fdasy, [&hellip;]<\/p>\n","protected":false},"author":2,"featured_media":63720,"comment_status":"open","ping_status":"closed","sticky":false,"template":"","format":"standard","meta":{"footnotes":""},"categories":[5],"tags":[],"acf":[],"_links":{"self":[{"href":"https:\/\/zamanturkmenistan.com.tm\/index.php?rest_route=\/wp\/v2\/posts\/63719"}],"collection":[{"href":"https:\/\/zamanturkmenistan.com.tm\/index.php?rest_route=\/wp\/v2\/posts"}],"about":[{"href":"https:\/\/zamanturkmenistan.com.tm\/index.php?rest_route=\/wp\/v2\/types\/post"}],"author":[{"embeddable":true,"href":"https:\/\/zamanturkmenistan.com.tm\/index.php?rest_route=\/wp\/v2\/users\/2"}],"replies":[{"embeddable":true,"href":"https:\/\/zamanturkmenistan.com.tm\/index.php?rest_route=%2Fwp%2Fv2%2Fcomments&post=63719"}],"version-history":[{"count":1,"href":"https:\/\/zamanturkmenistan.com.tm\/index.php?rest_route=\/wp\/v2\/posts\/63719\/revisions"}],"predecessor-version":[{"id":63721,"href":"https:\/\/zamanturkmenistan.com.tm\/index.php?rest_route=\/wp\/v2\/posts\/63719\/revisions\/63721"}],"wp:featuredmedia":[{"embeddable":true,"href":"https:\/\/zamanturkmenistan.com.tm\/index.php?rest_route=\/wp\/v2\/media\/63720"}],"wp:attachment":[{"href":"https:\/\/zamanturkmenistan.com.tm\/index.php?rest_route=%2Fwp%2Fv2%2Fmedia&parent=63719"}],"wp:term":[{"taxonomy":"category","embeddable":true,"href":"https:\/\/zamanturkmenistan.com.tm\/index.php?rest_route=%2Fwp%2Fv2%2Fcategories&post=63719"},{"taxonomy":"post_tag","embeddable":true,"href":"https:\/\/zamanturkmenistan.com.tm\/index.php?rest_route=%2Fwp%2Fv2%2Ftags&post=63719"}],"curies":[{"name":"wp","href":"https:\/\/api.w.org\/{rel}","templated":true}]}}