{"id":63793,"date":"2022-09-13T18:51:13","date_gmt":"2022-09-13T13:51:13","guid":{"rendered":"https:\/\/zamanturkmenistan.com.tm\/?p=63793"},"modified":"2022-09-13T18:51:14","modified_gmt":"2022-09-13T13:51:14","slug":"tagtdaky-50-nji-yylyny-bellar","status":"publish","type":"post","link":"https:\/\/zamanturkmenistan.com.tm\/?p=63793","title":{"rendered":"Tagtdaky 50-nji \u00fdylyny bell\u00e4r"},"content":{"rendered":"\n<p>Da\u00adni\u00ad\u00fda\u00adny\u0148 \u015ea ze\u00adna\u00adny Marg\u00adre\u00adte II h\u00f6\u00adk\u00fcm\u00addar\u00adly\u00adgy\u00adny 50-nji \u00fdy\u00adly\u00adny bel\u00adle\u00adm\u00e4\u00adge ta\u00fd\u00ad\u00fdar\u00adlyk g\u00f6r\u00ad\u00fd\u00e4r. 1972-nji \u00fdy\u00adly\u0148 \u00fdan\u00adwa\u00adryn\u00adda tag\u00adta \u00e7y\u00adkan ze\u00adnan h\u00f6\u00adk\u00fcm\u00adda\u00adry\u0148 t\u00e4\u00adje e\u00fde bol\u00adma\u00adgy\u00adny\u0148 50 \u00fdyl\u00adly\u00adgy \u015fu \u00fdy\u00adly\u0148 ba\u00ad\u015fyn\u00adda dol\u00addy. Em\u00adma bu wa\u00adka pan\u00adde\u00admi\u00ad\u00fda se\u00adb\u00e4p\u00adli da\u00adba\u00adra\u00adly \u00fdag\u00adda\u00fd\u00adda bel\u00adle\u00adni\u00adlip ge\u00ad\u00e7il\u00adme\u00addi.<br>H\u00e4\u00adzir\u00adki wagt\u00adda \u015ea ze\u00adna\u00adny Marg\u00adre\u00adte \u00ddew\u00adro\u00adpa\u00adda tagt\u00adda i\u0148 k\u00f6p otu\u00adran h\u00f6\u00adk\u00fcm\u00addar di\u00ad\u00fden de\u00adre\u00adj\u00e4 e\u00fde bol\u00addy. Bu ugur\u00adda ikin\u00adji or\u00adny 48 \u00fdyl\u00addan b\u00e4\u00adri bu we\u00adzi\u00adp\u00e4\u00adni \u00fde\u00adri\u00adne \u00fde\u00adtir\u00ad\u00fd\u00e4n \u015ewe\u00adsi\u00ad\u00fda\u00adny\u0148 pa\u00adty\u00ad\u015fa\u00adsy Karl XVI Gus\u00adtaw e\u00fde\u00adle\u00ad\u00fd\u00e4r.<br>Marg\u00adre\u00adte II 1972-nji \u00fdyl\u00adda ka\u00adka\u00adsy Fre\u00adde\u00adrik IX \u00fde\u00adri\u00adne ge\u00e7\u00addi. \u015ee\u00fd\u00adle\u00adlik\u00adde, ol \u00fdur\u00addu\u0148 il\u00adkin\u00adji ze\u00adnan h\u00f6\u00adk\u00fcm\u00adda\u00adry bol\u00addy.<br>Marg\u00adre\u00adte II 1940-njy \u00fdyl\u00adda d\u00fcn\u00ad\u00fd\u00e4 inen wag\u00adty \u00fdurt\u00adda he\u00adre\u00adket ed\u00ad\u00fd\u00e4n ka\u00adnun\u00ad\u00e7y\u00adly\u00adga g\u00f6\u00adr\u00e4, di\u00ad\u0148e er\u00adkek\u00adler pa\u00adty\u00ad\u015fa bo\u00adlup bil\u00ad\u00fd\u00e4r\u00addi. 1953-nji \u00fdyl\u00adda ge\u00ad\u00e7i\u00adri\u00adlen sa\u00adla sa\u00adly\u00ad\u015fyk\u00adda bu \u00e7\u00e4k\u00adlen\u00addir\u00adme\u00adler \u00fda\u00adty\u00adryl\u00addy. \u015ee\u00fd\u00adle\u00adlik\u00adde, \u00fc\u00e7 u\u00fda\u00adny\u0148 ulu\u00adsy bo\u00adlan Marg\u00adre\u00adte II \u00fdurt\u00adda il\u00adkin\u00adji bo\u00adlup tag\u00adta \u00e7y\u00adkan ze\u00adnan bol\u00addy.<\/p>\n","protected":false},"excerpt":{"rendered":"<p>Da\u00adni\u00ad\u00fda\u00adny\u0148 \u015ea ze\u00adna\u00adny Marg\u00adre\u00adte II h\u00f6\u00adk\u00fcm\u00addar\u00adly\u00adgy\u00adny 50-nji \u00fdy\u00adly\u00adny bel\u00adle\u00adm\u00e4\u00adge ta\u00fd\u00ad\u00fdar\u00adlyk g\u00f6r\u00ad\u00fd\u00e4r. 1972-nji \u00fdy\u00adly\u0148 \u00fdan\u00adwa\u00adryn\u00adda tag\u00adta \u00e7y\u00adkan ze\u00adnan h\u00f6\u00adk\u00fcm\u00adda\u00adry\u0148 t\u00e4\u00adje e\u00fde bol\u00adma\u00adgy\u00adny\u0148 50 \u00fdyl\u00adly\u00adgy \u015fu \u00fdy\u00adly\u0148 ba\u00ad\u015fyn\u00adda dol\u00addy. Em\u00adma bu wa\u00adka pan\u00adde\u00admi\u00ad\u00fda se\u00adb\u00e4p\u00adli da\u00adba\u00adra\u00adly \u00fdag\u00adda\u00fd\u00adda bel\u00adle\u00adni\u00adlip ge\u00ad\u00e7il\u00adme\u00addi.H\u00e4\u00adzir\u00adki wagt\u00adda \u015ea ze\u00adna\u00adny Marg\u00adre\u00adte \u00ddew\u00adro\u00adpa\u00adda tagt\u00adda i\u0148 k\u00f6p otu\u00adran h\u00f6\u00adk\u00fcm\u00addar di\u00ad\u00fden de\u00adre\u00adj\u00e4 e\u00fde bol\u00addy. Bu ugur\u00adda ikin\u00adji or\u00adny 48 [&hellip;]<\/p>\n","protected":false},"author":2,"featured_media":63794,"comment_status":"open","ping_status":"closed","sticky":false,"template":"","format":"standard","meta":{"footnotes":""},"categories":[5],"tags":[],"acf":[],"_links":{"self":[{"href":"https:\/\/zamanturkmenistan.com.tm\/index.php?rest_route=\/wp\/v2\/posts\/63793"}],"collection":[{"href":"https:\/\/zamanturkmenistan.com.tm\/index.php?rest_route=\/wp\/v2\/posts"}],"about":[{"href":"https:\/\/zamanturkmenistan.com.tm\/index.php?rest_route=\/wp\/v2\/types\/post"}],"author":[{"embeddable":true,"href":"https:\/\/zamanturkmenistan.com.tm\/index.php?rest_route=\/wp\/v2\/users\/2"}],"replies":[{"embeddable":true,"href":"https:\/\/zamanturkmenistan.com.tm\/index.php?rest_route=%2Fwp%2Fv2%2Fcomments&post=63793"}],"version-history":[{"count":1,"href":"https:\/\/zamanturkmenistan.com.tm\/index.php?rest_route=\/wp\/v2\/posts\/63793\/revisions"}],"predecessor-version":[{"id":63795,"href":"https:\/\/zamanturkmenistan.com.tm\/index.php?rest_route=\/wp\/v2\/posts\/63793\/revisions\/63795"}],"wp:featuredmedia":[{"embeddable":true,"href":"https:\/\/zamanturkmenistan.com.tm\/index.php?rest_route=\/wp\/v2\/media\/63794"}],"wp:attachment":[{"href":"https:\/\/zamanturkmenistan.com.tm\/index.php?rest_route=%2Fwp%2Fv2%2Fmedia&parent=63793"}],"wp:term":[{"taxonomy":"category","embeddable":true,"href":"https:\/\/zamanturkmenistan.com.tm\/index.php?rest_route=%2Fwp%2Fv2%2Fcategories&post=63793"},{"taxonomy":"post_tag","embeddable":true,"href":"https:\/\/zamanturkmenistan.com.tm\/index.php?rest_route=%2Fwp%2Fv2%2Ftags&post=63793"}],"curies":[{"name":"wp","href":"https:\/\/api.w.org\/{rel}","templated":true}]}}