{"id":63801,"date":"2022-09-13T19:39:56","date_gmt":"2022-09-13T14:39:56","guid":{"rendered":"https:\/\/zamanturkmenistan.com.tm\/?p=63801"},"modified":"2022-09-13T19:39:57","modified_gmt":"2022-09-13T14:39:57","slug":"keniyanyn-prezidenti-kasam-kabul-etdi","status":"publish","type":"post","link":"https:\/\/zamanturkmenistan.com.tm\/?p=63801","title":{"rendered":"Keni\u00fdany\u0148 Prezidenti kasam kabul etdi"},"content":{"rendered":"\n<p>9-njy awgustda Keni\u00fdada ge\u00e7irilen Prezident sa\u00fdlawlarynda \u00fde\u0148i\u015f gazanan William Ruto \u00fdurdu\u0148 Prezidenti h\u00f6km\u00fcnde kasam kabul etdi. 55 \u00fda\u015fly Ruto wezipe m\u00f6hleti tamamlanan Prezident Uhuru Ken\u00fdattany\u0148 orunbasary bolup i\u015fle\u00fd\u00e4rdi. Kasam kabul edi\u015flik dabarasynda eden \u00e7yky\u015fynda Prezident Ruto ra\u00fdatlara amatly \u015fertlerde karz berilmegi we \u00fdurdu\u0148 demirgazygynda \u00fd\u00fcze \u00e7ykan guraklyk bilen g\u00f6re\u015fm\u00e4ge goldaw berjekdigini a\u00fdtdy. Ruto \u00e4hli keni\u00fdalylary\u0148 o\u0148at durmu\u015fda \u00fda\u015famagy \u00fc\u00e7in tagallalaryny ga\u00fdgyrmajakdygyny wada berdi.<\/p>\n","protected":false},"excerpt":{"rendered":"<p>9-njy awgustda Keni\u00fdada ge\u00e7irilen Prezident sa\u00fdlawlarynda \u00fde\u0148i\u015f gazanan William Ruto \u00fdurdu\u0148 Prezidenti h\u00f6km\u00fcnde kasam kabul etdi. 55 \u00fda\u015fly Ruto wezipe m\u00f6hleti tamamlanan Prezident Uhuru Ken\u00fdattany\u0148 orunbasary bolup i\u015fle\u00fd\u00e4rdi. Kasam kabul edi\u015flik dabarasynda eden \u00e7yky\u015fynda Prezident Ruto ra\u00fdatlara amatly \u015fertlerde karz berilmegi we \u00fdurdu\u0148 demirgazygynda \u00fd\u00fcze \u00e7ykan guraklyk bilen g\u00f6re\u015fm\u00e4ge goldaw berjekdigini a\u00fdtdy. Ruto \u00e4hli keni\u00fdalylary\u0148 [&hellip;]<\/p>\n","protected":false},"author":2,"featured_media":63802,"comment_status":"open","ping_status":"closed","sticky":false,"template":"","format":"standard","meta":{"footnotes":""},"categories":[5],"tags":[],"acf":[],"_links":{"self":[{"href":"https:\/\/zamanturkmenistan.com.tm\/index.php?rest_route=\/wp\/v2\/posts\/63801"}],"collection":[{"href":"https:\/\/zamanturkmenistan.com.tm\/index.php?rest_route=\/wp\/v2\/posts"}],"about":[{"href":"https:\/\/zamanturkmenistan.com.tm\/index.php?rest_route=\/wp\/v2\/types\/post"}],"author":[{"embeddable":true,"href":"https:\/\/zamanturkmenistan.com.tm\/index.php?rest_route=\/wp\/v2\/users\/2"}],"replies":[{"embeddable":true,"href":"https:\/\/zamanturkmenistan.com.tm\/index.php?rest_route=%2Fwp%2Fv2%2Fcomments&post=63801"}],"version-history":[{"count":1,"href":"https:\/\/zamanturkmenistan.com.tm\/index.php?rest_route=\/wp\/v2\/posts\/63801\/revisions"}],"predecessor-version":[{"id":63803,"href":"https:\/\/zamanturkmenistan.com.tm\/index.php?rest_route=\/wp\/v2\/posts\/63801\/revisions\/63803"}],"wp:featuredmedia":[{"embeddable":true,"href":"https:\/\/zamanturkmenistan.com.tm\/index.php?rest_route=\/wp\/v2\/media\/63802"}],"wp:attachment":[{"href":"https:\/\/zamanturkmenistan.com.tm\/index.php?rest_route=%2Fwp%2Fv2%2Fmedia&parent=63801"}],"wp:term":[{"taxonomy":"category","embeddable":true,"href":"https:\/\/zamanturkmenistan.com.tm\/index.php?rest_route=%2Fwp%2Fv2%2Fcategories&post=63801"},{"taxonomy":"post_tag","embeddable":true,"href":"https:\/\/zamanturkmenistan.com.tm\/index.php?rest_route=%2Fwp%2Fv2%2Ftags&post=63801"}],"curies":[{"name":"wp","href":"https:\/\/api.w.org\/{rel}","templated":true}]}}