{"id":63807,"date":"2022-09-14T09:49:25","date_gmt":"2022-09-14T04:49:25","guid":{"rendered":"https:\/\/zamanturkmenistan.com.tm\/?p=63807"},"modified":"2022-09-14T09:49:25","modified_gmt":"2022-09-14T04:49:25","slug":"calsana-bagsy-baslesiginin-yenijileri-sylaglandy","status":"publish","type":"post","link":"https:\/\/zamanturkmenistan.com.tm\/?p=63807","title":{"rendered":"\u201c\u00c7alsana, bag\u015fy!\u201d b\u00e4sle\u015figini\u0148 \u00fde\u0148ijileri sylaglandy"},"content":{"rendered":"\n<p>Berkarar d\u00f6wleti\u0148 t\u00e4ze e\u00fd\u00fdamyny\u0148 Galkyny\u015fy d\u00f6wr\u00fcnde milli mirasymyzy \u00f6wrenmek, wagyz etmek, dutarda \u00fderine \u00fdetirijilik hem-de bag\u015fy\u00e7ylyk sungatyny geljekki nesillere \u00fdetirmek, d\u00fcn\u00fd\u00e4 \u00fda\u00fdmak, \u015fe\u00fdle hem zehinli bag\u015fy-sazandalary \u00fd\u00fcze \u00e7ykarmak we h\u00f6weslendirmek, mukaddes Gara\u015fsyzlygymyzy\u0148 31 \u00fdyllyk ba\u00fdramy mynasybetli \u201cHalky\u0148 Arkadagly zamanasy\u201d \u00fdylynda T\u00fcrkmenistany\u0148 Prezidentini\u0148 \u201cT\u00fcrkmeni\u0148 Altyn asyry\u201d atly ba\u00fdragyny almak ugrundaky b\u00e4sle\u015figi\u0148 \u00e7\u00e4klerinde ge\u00e7irilen \u201c\u00c7alsana, bag\u015fy!\u201d b\u00e4sle\u015figinde \u00fcst\u00fcnlikli \u00e7yky\u015f edip, \u00f6zlerini\u0148 \u00fderine \u00fdetirijiligi bilen a\u00fdratyn tapawutlanan dutar\u00e7y bag\u015fy-sazandalary sylaglamak maksady bilen, T\u00fcrkmenistany\u0148 Prezidenti Karara gol \u00e7ekdi. Resminama la\u00fdyklykda, \u00fdurdumyzy\u0148 \u015fu ra\u00fdatlary \u201c\u00c7alsana, bag\u015fy!\u201d b\u00e4sle\u015figini\u0148 \u00fde\u0148ijileri di\u00fdlip yglan edildi we her bir \u00fde\u0148iji T\u00fcrkmenistany\u0148 Prezidentini\u0148 altyn zynjyry bilen sylaglanyldy:<\/p>\n\n\n\n<p>\u201cT\u00fcrkmengaz\u201d d\u00f6wlet konsernini\u0148 \u201cI\u015f\u00e7i i\u00fdmiti \u00fcpj\u00fcn\u00e7iligi we hyzmatlar\u201d m\u00fcdirligini\u0148 Medeni-i\u015few\u00fcrlik merkezini\u0148 \u201cGalkyny\u015f\u201d folklor toparyny\u0148 1-nji derejeli artisti Owazgeldi P\u00e4lwanow;<\/p>\n\n\n\n<p>Ma\u00fda Kuly\u00fdewa adyndaky T\u00fcrkmen milli konserwatori\u00fdasyny\u0148 T\u00fcrkmen sazy kafedrasyny\u0148 mugallymy Murad Dowletowi\u00e7 A\u015firow;<\/p>\n\n\n\n<p>T\u00fcrkmenistany\u0148 Ministrler Kabinetini\u0148 \u00fdanyndaky Ulag we kommunikasi\u00fdalar agentligini\u0148 \u201cT\u00fcrkmenhowa\u00fdollary\u201d agentligini\u0148 Jemagat-hojalyk k\u00e4rhanasyny\u0148 \u201cLa\u00e7yn\u201d tans-saz folklor toparyny\u0148 1-nji derejeli artist-wokalisti \u00d6wezgeldi Orazgeldi\u00fdewi\u00e7 Amanow;<\/p>\n\n\n\n<p>Ma\u00fda Kuly\u00fdewa adyndaky T\u00fcrkmen milli konserwatori\u00fdasyny\u0148 \u00fdanyndaky Da\u0148atar \u00d6wezow adyndaky T\u00fcrkmen d\u00f6wlet \u00fd\u00f6rite saz\u00e7ylyk mekdebini\u0148 mugallymy D\u00f6wlet Annageldi\u00fdewi\u00e7 Da\u0148atarow;<\/p>\n\n\n\n<p>Balkan wela\u00fdat \u00fd\u00f6rite sungat mekdebini\u0148 mugallymy Hojaguly \u00d6wezgylyjowi\u00e7 Hojaguly\u00fdew;<\/p>\n\n\n\n<p>Balkan wela\u00fdat \u00fd\u00f6rite sungat mekdebini\u0148 mugallymy Amangeldi D\u00f6wletgeldi ogly Durdy\u00fdew;<\/p>\n\n\n\n<p>Ma\u00fda Kuly\u00fdewa adyndaky T\u00fcrkmen milli konserwatori\u00fdasyny\u0148 talyby T\u00e4zeg\u00fcl Juman\u00fdaz gyzy Atajanowa;<\/p>\n\n\n\n<p>Da\u015foguzy\u0148 Magtymguly Garly\u00fdew adyndaky \u00fd\u00f6rite sungat mekdebini\u0148 mugallymy Mekan Juma\u00fdewi\u00e7 Jumageldi\u00fdew;<\/p>\n\n\n\n<p>Lebap wela\u00fdatyny\u0148 Hala\u00e7 etrap medeni\u00fdet b\u00f6l\u00fcmini\u0148 \u00e7eper h\u00f6wesje\u0148i Ha\u00fdytmyrat Jumageldi\u00fdewi\u00e7 Illi\u00fdew;<\/p>\n\n\n\n<p>Lebap wela\u00fdat \u00fd\u00f6rite sungat mekdebini\u0148 mugallymy Gurban \u00c7ary\u00fdewi\u00e7 \u00c7ary\u00fdew;<\/p>\n\n\n\n<p>Mary wela\u00fdat medeni\u00fdet m\u00fcdirligini\u0148 Oguzhan etrabyny\u0148 \u00e7agalar sungat mekdebini\u0148 mugallymy Omor Garm\u00e4mmedowi\u00e7 \u015eiri\u00fdew;<\/p>\n\n\n\n<p>Ma\u00fda Kuly\u00fdewa adyndaky T\u00fcrkmen milli konserwatori\u00fdasyny\u0148 talyby Ogulnabat Annam\u00e4mmedowna Berdi\u00fdewa.<\/p>\n","protected":false},"excerpt":{"rendered":"<p>Berkarar d\u00f6wleti\u0148 t\u00e4ze e\u00fd\u00fdamyny\u0148 Galkyny\u015fy d\u00f6wr\u00fcnde milli mirasymyzy \u00f6wrenmek, wagyz etmek, dutarda \u00fderine \u00fdetirijilik hem-de bag\u015fy\u00e7ylyk sungatyny geljekki nesillere \u00fdetirmek, d\u00fcn\u00fd\u00e4 \u00fda\u00fdmak, \u015fe\u00fdle hem zehinli bag\u015fy-sazandalary \u00fd\u00fcze \u00e7ykarmak we h\u00f6weslendirmek, mukaddes Gara\u015fsyzlygymyzy\u0148 31 \u00fdyllyk ba\u00fdramy mynasybetli \u201cHalky\u0148 Arkadagly zamanasy\u201d \u00fdylynda T\u00fcrkmenistany\u0148 Prezidentini\u0148 \u201cT\u00fcrkmeni\u0148 Altyn asyry\u201d atly ba\u00fdragyny almak ugrundaky b\u00e4sle\u015figi\u0148 \u00e7\u00e4klerinde ge\u00e7irilen \u201c\u00c7alsana, bag\u015fy!\u201d b\u00e4sle\u015figinde [&hellip;]<\/p>\n","protected":false},"author":2,"featured_media":63808,"comment_status":"open","ping_status":"closed","sticky":false,"template":"","format":"standard","meta":{"footnotes":""},"categories":[3],"tags":[],"acf":[],"_links":{"self":[{"href":"https:\/\/zamanturkmenistan.com.tm\/index.php?rest_route=\/wp\/v2\/posts\/63807"}],"collection":[{"href":"https:\/\/zamanturkmenistan.com.tm\/index.php?rest_route=\/wp\/v2\/posts"}],"about":[{"href":"https:\/\/zamanturkmenistan.com.tm\/index.php?rest_route=\/wp\/v2\/types\/post"}],"author":[{"embeddable":true,"href":"https:\/\/zamanturkmenistan.com.tm\/index.php?rest_route=\/wp\/v2\/users\/2"}],"replies":[{"embeddable":true,"href":"https:\/\/zamanturkmenistan.com.tm\/index.php?rest_route=%2Fwp%2Fv2%2Fcomments&post=63807"}],"version-history":[{"count":1,"href":"https:\/\/zamanturkmenistan.com.tm\/index.php?rest_route=\/wp\/v2\/posts\/63807\/revisions"}],"predecessor-version":[{"id":63809,"href":"https:\/\/zamanturkmenistan.com.tm\/index.php?rest_route=\/wp\/v2\/posts\/63807\/revisions\/63809"}],"wp:featuredmedia":[{"embeddable":true,"href":"https:\/\/zamanturkmenistan.com.tm\/index.php?rest_route=\/wp\/v2\/media\/63808"}],"wp:attachment":[{"href":"https:\/\/zamanturkmenistan.com.tm\/index.php?rest_route=%2Fwp%2Fv2%2Fmedia&parent=63807"}],"wp:term":[{"taxonomy":"category","embeddable":true,"href":"https:\/\/zamanturkmenistan.com.tm\/index.php?rest_route=%2Fwp%2Fv2%2Fcategories&post=63807"},{"taxonomy":"post_tag","embeddable":true,"href":"https:\/\/zamanturkmenistan.com.tm\/index.php?rest_route=%2Fwp%2Fv2%2Ftags&post=63807"}],"curies":[{"name":"wp","href":"https:\/\/api.w.org\/{rel}","templated":true}]}}