{"id":63810,"date":"2022-09-14T09:55:39","date_gmt":"2022-09-14T04:55:39","guid":{"rendered":"https:\/\/zamanturkmenistan.com.tm\/?p=63810"},"modified":"2022-09-14T09:55:39","modified_gmt":"2022-09-14T04:55:39","slug":"turkmenistan-bilen-azerbayjanyn-arasynda-hazar-denzinin-duybuni-caklendirmegin-meseleleri-boyunca-bilelikdaki-is-toparynyn-nobatdaky-dususygy","status":"publish","type":"post","link":"https:\/\/zamanturkmenistan.com.tm\/?p=63810","title":{"rendered":"T\u00fcrkmenistan bilen Azerba\u00fdjany\u0148 arasynda Hazar de\u0148zini\u0148 d\u00fc\u00fdb\u00fcni \u00e7\u00e4klendirmegi\u0148 meseleleri bo\u00fdun\u00e7a bilelikd\u00e4ki i\u015f toparyny\u0148 nobatdaky du\u015fu\u015fygy"},"content":{"rendered":"\n<p>12-13-nji sent\u00fdabrda Azerba\u00fdjan Respublikasyny\u0148 Baku \u015f\u00e4herinde Hazar de\u0148zini\u0148 d\u00fc\u00fdb\u00fcni \u00e7\u00e4klendirmegi\u0148 meseleleri bo\u00fdun\u00e7a bilelikd\u00e4ki I\u015f toparyny\u0148 nobatdaky du\u015fu\u015fygy ge\u00e7irildi.<\/p>\n\n\n\n<p>T\u00fcrkmenistany\u0148 wekili\u00fdetine Hazar institutyny\u0148 m\u00fcdiri, T\u00fcrkmenistany\u0148 Hazar de\u0148zi bo\u00fdun\u00e7a \u00fd\u00f6rite wekili M.Atajanow, azerba\u00fdjan wekili\u00fdetine bolsa Da\u015fary i\u015fler ministrini\u0148 orunbasary, Azerba\u00fdjan Respublikasyny\u0148 Prezidentini\u0148 Serhetler we Hazar de\u0148zi bo\u00fdun\u00e7a \u00fd\u00f6rite wekili H.Halafow \u00fdolba\u015f\u00e7ylyk etdi.<\/p>\n\n\n\n<p>Du\u015fu\u015fyga T\u00fcrkmenistany\u0148 we Azerba\u00fdjan Respublikasyny\u0148 degi\u015fli ministrlikleri\u0148 we pudak edaralaryny\u0148 wekilleri gatna\u015fdylar.<\/p>\n\n\n\n<p>Du\u015fu\u015fygy\u0148 dowamynda T\u00fcrkmenistan bilen Azerba\u00fdjan Respublikasyny\u0148 arasynda Hazar de\u0148zini\u0148 d\u00fc\u00fdb\u00fcni \u00e7\u00e4klendirmek baradaky T\u00fcrkmenistan bilen Azerba\u00fdjan Respublikasyny\u0148 arasyndaky Ylala\u015fygy\u0148 taslamasyny\u0148 d\u00fczg\u00fcnleri ara alnyp maslahatla\u015fyldy. Taraplar Hazar de\u0148zini\u0148 d\u00fc\u00fdb\u00fcni \u00e7\u00e4klendirmegi\u0148 meseleleri bo\u00fdun\u00e7a geple\u015fikleri dowam etdirmek barada ylala\u015fdylar.<\/p>\n","protected":false},"excerpt":{"rendered":"<p>12-13-nji sent\u00fdabrda Azerba\u00fdjan Respublikasyny\u0148 Baku \u015f\u00e4herinde Hazar de\u0148zini\u0148 d\u00fc\u00fdb\u00fcni \u00e7\u00e4klendirmegi\u0148 meseleleri bo\u00fdun\u00e7a bilelikd\u00e4ki I\u015f toparyny\u0148 nobatdaky du\u015fu\u015fygy ge\u00e7irildi. T\u00fcrkmenistany\u0148 wekili\u00fdetine Hazar institutyny\u0148 m\u00fcdiri, T\u00fcrkmenistany\u0148 Hazar de\u0148zi bo\u00fdun\u00e7a \u00fd\u00f6rite wekili M.Atajanow, azerba\u00fdjan wekili\u00fdetine bolsa Da\u015fary i\u015fler ministrini\u0148 orunbasary, Azerba\u00fdjan Respublikasyny\u0148 Prezidentini\u0148 Serhetler we Hazar de\u0148zi bo\u00fdun\u00e7a \u00fd\u00f6rite wekili H.Halafow \u00fdolba\u015f\u00e7ylyk etdi. Du\u015fu\u015fyga T\u00fcrkmenistany\u0148 we Azerba\u00fdjan Respublikasyny\u0148 [&hellip;]<\/p>\n","protected":false},"author":2,"featured_media":63811,"comment_status":"open","ping_status":"closed","sticky":false,"template":"","format":"standard","meta":{"footnotes":""},"categories":[3],"tags":[],"acf":[],"_links":{"self":[{"href":"https:\/\/zamanturkmenistan.com.tm\/index.php?rest_route=\/wp\/v2\/posts\/63810"}],"collection":[{"href":"https:\/\/zamanturkmenistan.com.tm\/index.php?rest_route=\/wp\/v2\/posts"}],"about":[{"href":"https:\/\/zamanturkmenistan.com.tm\/index.php?rest_route=\/wp\/v2\/types\/post"}],"author":[{"embeddable":true,"href":"https:\/\/zamanturkmenistan.com.tm\/index.php?rest_route=\/wp\/v2\/users\/2"}],"replies":[{"embeddable":true,"href":"https:\/\/zamanturkmenistan.com.tm\/index.php?rest_route=%2Fwp%2Fv2%2Fcomments&post=63810"}],"version-history":[{"count":1,"href":"https:\/\/zamanturkmenistan.com.tm\/index.php?rest_route=\/wp\/v2\/posts\/63810\/revisions"}],"predecessor-version":[{"id":63812,"href":"https:\/\/zamanturkmenistan.com.tm\/index.php?rest_route=\/wp\/v2\/posts\/63810\/revisions\/63812"}],"wp:featuredmedia":[{"embeddable":true,"href":"https:\/\/zamanturkmenistan.com.tm\/index.php?rest_route=\/wp\/v2\/media\/63811"}],"wp:attachment":[{"href":"https:\/\/zamanturkmenistan.com.tm\/index.php?rest_route=%2Fwp%2Fv2%2Fmedia&parent=63810"}],"wp:term":[{"taxonomy":"category","embeddable":true,"href":"https:\/\/zamanturkmenistan.com.tm\/index.php?rest_route=%2Fwp%2Fv2%2Fcategories&post=63810"},{"taxonomy":"post_tag","embeddable":true,"href":"https:\/\/zamanturkmenistan.com.tm\/index.php?rest_route=%2Fwp%2Fv2%2Ftags&post=63810"}],"curies":[{"name":"wp","href":"https:\/\/api.w.org\/{rel}","templated":true}]}}