{"id":63836,"date":"2022-09-14T13:19:46","date_gmt":"2022-09-14T08:19:46","guid":{"rendered":"https:\/\/zamanturkmenistan.com.tm\/?p=63836"},"modified":"2022-09-14T13:19:46","modified_gmt":"2022-09-14T08:19:46","slug":"yaponiyada-yasayan-in-garry-adam-112-yasynda-aradan-cykdy","status":"publish","type":"post","link":"https:\/\/zamanturkmenistan.com.tm\/?p=63836","title":{"rendered":"\u00ddaponi\u00fdada \u00fda\u015fa\u00fdan i\u0148 garry adam 112 \u00fda\u015fynda aradan \u00e7ykdy"},"content":{"rendered":"\n<p>\u00ddaponi\u00fdada \u00fda\u015fa\u00fdan i\u0148 garry erkek adam Mikizo Ueda 112 \u00fda\u015fyny\u0148 i\u00e7inde aradan \u00e7ykdy. \u00ddurdu\u0148 Nara \u015f\u00e4herinde \u00fda\u015fa\u00fdan Ueda 1910-njy \u00fdylda d\u00fcn\u00fd\u00e4 inipdir. Ginnesi\u0148 rekordlar kitabyna \u201cd\u00fcn\u00fd\u00e4ni\u0148 i\u0148 garry adamy\u201d h\u00f6km\u00fcnde adyny \u00fdazdyran Kane Tanaka \u015fu \u00fdyly\u0148 19-njy aprelinde Fukuoka wela\u00fdatynda aradan \u00e7ykypdy. Tanaka aradan \u00e7ykandan so\u0148ra \u00ddaponi\u00fdada \u00fda\u015fa\u00fdan i\u0148 garry adam rekordy Osakada \u00fda\u015fa\u00fdan 115 \u00fda\u015fly Fusa Tatsum\u00e4 ge\u00e7ipdi. Emma Tatsumi we Ueda Tanakadan tapawutlylykda d\u00fcn\u00fd\u00e4ni\u0148 d\u00e4l-de, di\u0148e \u00ddaponi\u00fdany\u0148 garry adamy rekordyny go\u00fdupdylar.<\/p>\n","protected":false},"excerpt":{"rendered":"<p>\u00ddaponi\u00fdada \u00fda\u015fa\u00fdan i\u0148 garry erkek adam Mikizo Ueda 112 \u00fda\u015fyny\u0148 i\u00e7inde aradan \u00e7ykdy. \u00ddurdu\u0148 Nara \u015f\u00e4herinde \u00fda\u015fa\u00fdan Ueda 1910-njy \u00fdylda d\u00fcn\u00fd\u00e4 inipdir. Ginnesi\u0148 rekordlar kitabyna \u201cd\u00fcn\u00fd\u00e4ni\u0148 i\u0148 garry adamy\u201d h\u00f6km\u00fcnde adyny \u00fdazdyran Kane Tanaka \u015fu \u00fdyly\u0148 19-njy aprelinde Fukuoka wela\u00fdatynda aradan \u00e7ykypdy. Tanaka aradan \u00e7ykandan so\u0148ra \u00ddaponi\u00fdada \u00fda\u015fa\u00fdan i\u0148 garry adam rekordy Osakada \u00fda\u015fa\u00fdan 115 [&hellip;]<\/p>\n","protected":false},"author":2,"featured_media":63837,"comment_status":"open","ping_status":"closed","sticky":false,"template":"","format":"standard","meta":{"footnotes":""},"categories":[5],"tags":[],"acf":[],"_links":{"self":[{"href":"https:\/\/zamanturkmenistan.com.tm\/index.php?rest_route=\/wp\/v2\/posts\/63836"}],"collection":[{"href":"https:\/\/zamanturkmenistan.com.tm\/index.php?rest_route=\/wp\/v2\/posts"}],"about":[{"href":"https:\/\/zamanturkmenistan.com.tm\/index.php?rest_route=\/wp\/v2\/types\/post"}],"author":[{"embeddable":true,"href":"https:\/\/zamanturkmenistan.com.tm\/index.php?rest_route=\/wp\/v2\/users\/2"}],"replies":[{"embeddable":true,"href":"https:\/\/zamanturkmenistan.com.tm\/index.php?rest_route=%2Fwp%2Fv2%2Fcomments&post=63836"}],"version-history":[{"count":1,"href":"https:\/\/zamanturkmenistan.com.tm\/index.php?rest_route=\/wp\/v2\/posts\/63836\/revisions"}],"predecessor-version":[{"id":63838,"href":"https:\/\/zamanturkmenistan.com.tm\/index.php?rest_route=\/wp\/v2\/posts\/63836\/revisions\/63838"}],"wp:featuredmedia":[{"embeddable":true,"href":"https:\/\/zamanturkmenistan.com.tm\/index.php?rest_route=\/wp\/v2\/media\/63837"}],"wp:attachment":[{"href":"https:\/\/zamanturkmenistan.com.tm\/index.php?rest_route=%2Fwp%2Fv2%2Fmedia&parent=63836"}],"wp:term":[{"taxonomy":"category","embeddable":true,"href":"https:\/\/zamanturkmenistan.com.tm\/index.php?rest_route=%2Fwp%2Fv2%2Fcategories&post=63836"},{"taxonomy":"post_tag","embeddable":true,"href":"https:\/\/zamanturkmenistan.com.tm\/index.php?rest_route=%2Fwp%2Fv2%2Ftags&post=63836"}],"curies":[{"name":"wp","href":"https:\/\/api.w.org\/{rel}","templated":true}]}}