{"id":63843,"date":"2022-09-14T15:08:19","date_gmt":"2022-09-14T10:08:19","guid":{"rendered":"https:\/\/zamanturkmenistan.com.tm\/?p=63843"},"modified":"2022-09-16T12:40:44","modified_gmt":"2022-09-16T07:40:44","slug":"gazagystanyn-paytagtynyn-ady-uytgediler","status":"publish","type":"post","link":"https:\/\/zamanturkmenistan.com.tm\/?p=63843","title":{"rendered":"Gazagystany\u0148 pa\u00fdtagtyny\u0148 ady \u00fc\u00fdtgediler"},"content":{"rendered":"\n<p>Ga\u00adza\u00adgys\u00adta\u00adny\u0148 Pre\u00adzi\u00adden\u00adti Ka\u00adsym-\u017do\u00admart To\u00adka\u00ad\u00fde\u00adwi\u0148 k\u00e4\u00adbir de\u00adpu\u00adtat\u00adla\u00adry\u0148 tek\u00adli\u00adbi bi\u00adlen \u00fdur\u00addu\u0148 pa\u00fd\u00adtag\u00adty\u00adny\u0148 ady\u00adny\u0148 \u00fc\u00fdt\u00adge\u00addil\u00adme\u00adgi\u00adne ra\u00adzy\u00adlyk be\u00adren\u00addi\u00adgi m\u00e4\u00adlim edil\u00addi. Bu ba\u00adra\u00adda Pre\u00adzi\u00adden\u00adti\u0148 metbugat sekretary Rus\u00adlan \u017del\u00addi\u00adba\u00fd ha\u00adbar ber\u00addi. Ga\u00adza\u00adgys\u00adta\u00adny\u0148 pa\u00fd\u00adtag\u00adty As\u00adta\u00adna 2019-njy \u00fdyl\u00adda Pre\u00adzi\u00addent To\u00adka\u00ad\u00fdew we\u00adzi\u00adp\u00e4 gi\u00adri\u00ad\u015fen\u00adden so\u0148\u00adra Nur-Sul\u00adtan di\u00fd\u00adlip \u00fc\u00fdt\u00adge\u00addi\u00adlip\u00addi.<br>Uzak \u00fdyl\u00adla\u00adry\u0148 do\u00adwa\u00admyn\u00adda \u00fdur\u00addu\u0148 pa\u00fd\u00adtag\u00adty Al\u00adma\u00adty \u015f\u00e4\u00adhe\u00adri bo\u00adlup\u00addy. 1997-nji \u00fdyl\u00adda pa\u00fd\u00adtagt Al\u00adma\u00adty\u00addan As\u00adta\u00adna g\u00f6\u00ad\u00e7\u00fc\u00adri\u00adlip\u00addi.<\/p>\n","protected":false},"excerpt":{"rendered":"<p>Ga\u00adza\u00adgys\u00adta\u00adny\u0148 Pre\u00adzi\u00adden\u00adti Ka\u00adsym-\u017do\u00admart To\u00adka\u00ad\u00fde\u00adwi\u0148 k\u00e4\u00adbir de\u00adpu\u00adtat\u00adla\u00adry\u0148 tek\u00adli\u00adbi bi\u00adlen \u00fdur\u00addu\u0148 pa\u00fd\u00adtag\u00adty\u00adny\u0148 ady\u00adny\u0148 \u00fc\u00fdt\u00adge\u00addil\u00adme\u00adgi\u00adne ra\u00adzy\u00adlyk be\u00adren\u00addi\u00adgi m\u00e4\u00adlim edil\u00addi. Bu ba\u00adra\u00adda Pre\u00adzi\u00adden\u00adti\u0148 metbugat sekretary Rus\u00adlan \u017del\u00addi\u00adba\u00fd ha\u00adbar ber\u00addi. Ga\u00adza\u00adgys\u00adta\u00adny\u0148 pa\u00fd\u00adtag\u00adty As\u00adta\u00adna 2019-njy \u00fdyl\u00adda Pre\u00adzi\u00addent To\u00adka\u00ad\u00fdew we\u00adzi\u00adp\u00e4 gi\u00adri\u00ad\u015fen\u00adden so\u0148\u00adra Nur-Sul\u00adtan di\u00fd\u00adlip \u00fc\u00fdt\u00adge\u00addi\u00adlip\u00addi.Uzak \u00fdyl\u00adla\u00adry\u0148 do\u00adwa\u00admyn\u00adda \u00fdur\u00addu\u0148 pa\u00fd\u00adtag\u00adty Al\u00adma\u00adty \u015f\u00e4\u00adhe\u00adri bo\u00adlup\u00addy. 1997-nji \u00fdyl\u00adda pa\u00fd\u00adtagt Al\u00adma\u00adty\u00addan As\u00adta\u00adna g\u00f6\u00ad\u00e7\u00fc\u00adri\u00adlip\u00addi.<\/p>\n","protected":false},"author":2,"featured_media":63844,"comment_status":"open","ping_status":"closed","sticky":false,"template":"","format":"standard","meta":{"footnotes":""},"categories":[5],"tags":[],"acf":[],"_links":{"self":[{"href":"https:\/\/zamanturkmenistan.com.tm\/index.php?rest_route=\/wp\/v2\/posts\/63843"}],"collection":[{"href":"https:\/\/zamanturkmenistan.com.tm\/index.php?rest_route=\/wp\/v2\/posts"}],"about":[{"href":"https:\/\/zamanturkmenistan.com.tm\/index.php?rest_route=\/wp\/v2\/types\/post"}],"author":[{"embeddable":true,"href":"https:\/\/zamanturkmenistan.com.tm\/index.php?rest_route=\/wp\/v2\/users\/2"}],"replies":[{"embeddable":true,"href":"https:\/\/zamanturkmenistan.com.tm\/index.php?rest_route=%2Fwp%2Fv2%2Fcomments&post=63843"}],"version-history":[{"count":3,"href":"https:\/\/zamanturkmenistan.com.tm\/index.php?rest_route=\/wp\/v2\/posts\/63843\/revisions"}],"predecessor-version":[{"id":64027,"href":"https:\/\/zamanturkmenistan.com.tm\/index.php?rest_route=\/wp\/v2\/posts\/63843\/revisions\/64027"}],"wp:featuredmedia":[{"embeddable":true,"href":"https:\/\/zamanturkmenistan.com.tm\/index.php?rest_route=\/wp\/v2\/media\/63844"}],"wp:attachment":[{"href":"https:\/\/zamanturkmenistan.com.tm\/index.php?rest_route=%2Fwp%2Fv2%2Fmedia&parent=63843"}],"wp:term":[{"taxonomy":"category","embeddable":true,"href":"https:\/\/zamanturkmenistan.com.tm\/index.php?rest_route=%2Fwp%2Fv2%2Fcategories&post=63843"},{"taxonomy":"post_tag","embeddable":true,"href":"https:\/\/zamanturkmenistan.com.tm\/index.php?rest_route=%2Fwp%2Fv2%2Ftags&post=63843"}],"curies":[{"name":"wp","href":"https:\/\/api.w.org\/{rel}","templated":true}]}}