{"id":63868,"date":"2022-09-15T08:43:36","date_gmt":"2022-09-15T03:43:36","guid":{"rendered":"https:\/\/zamanturkmenistan.com.tm\/?p=63868"},"modified":"2022-09-15T10:36:36","modified_gmt":"2022-09-15T05:36:36","slug":"dasoguz-welayatynda-pagta-yygymyna-girisildi%ef%bf%bc","status":"publish","type":"post","link":"https:\/\/zamanturkmenistan.com.tm\/?p=63868","title":{"rendered":"Da\u015foguz wela\u00fdatynda pagta \u00fdygymyna giri\u015fildi"},"content":{"rendered":"\n<p>14-nji sent\u00fdabrda hormatly Prezidentimiz Serdar Berdimuhamedowy\u0148 2-nji sent\u00fdabrda ge\u00e7irilen Ministrler Kabinetini\u0148 mejlisinde beren tab\u015fyrygyna la\u00fdyklykda, Da\u015foguz wela\u00fdatyny\u0148 ekeran\u00e7ylary pagta \u00fdygymyna giri\u015fdiler.<\/p>\n\n\n\n<p>Pagta \u00fdygymyny\u0148 \u00f6\u0148\u00fcsyrasynda wela\u00fdat h\u00e4kimliginde guralan i\u015f maslahatynda \u00fdygym m\u00f6ws\u00fcmini gurama\u00e7ylykly ge\u00e7irmek bo\u00fdun\u00e7a wezipeler, \u00e4hli degi\u015fli gulluklary\u0148 takyk i\u015flemegi we sazla\u015fykly hereketi ara alnyp maslahatla\u015fylan esasy meseleler boldy.<\/p>\n\n\n\n<p>Bellenili\u015fi \u00fdaly, me\u00fddan i\u015flerini\u0148 sazla\u015fykly hem-de b\u00f6kden\u00e7siz alnyp barylmagyny \u00fdokary \u00f6nd\u00fcrijilikli, d\u00f6wrebap oba hojalyk tehnikalary \u00fcpj\u00fcn eder. Hasyly da\u015famakda \u00fd\u00fck awtoulaglaryny\u0148 hem-de tirkegli traktorlary\u0148 uly toplumy hereket eder. Kabul edi\u015f harmanhanalary we pagta arassala\u00fdjy k\u00e4rhanalar gije-g\u00fcndizle\u00fdin i\u015flem\u00e4ge doly ta\u00fd\u00fdar edildi. H\u00e4zirki zaman enjamlary bilen \u00fcpj\u00fcn edilen barlaghanalarda \u201cT\u00fcrkmenstandartlary\u201d ba\u015f d\u00f6wlet gullugyny\u0148 h\u00fcn\u00e4rmenleri tab\u015fyryl\u00fdan \u00e7ig maly\u0148 hilini barlarlar.<\/p>\n\n\n\n<p>Pagta \u00fdygymyna ba\u015flanmagy mynasybetli ge\u00e7irilen dabaralara wela\u00fdat we etrap h\u00e4kimliklerini\u0148, da\u00fdhan birle\u015fiklerini\u0148 \u00fdolba\u015f\u00e7ylary, jemgy\u00fdet\u00e7ilik guramalaryny\u0148 wekilleri, oba hojalyk\u00e7y alymlar, tejribeli agronomlar, komba\u00fdn\u00e7ylar, s\u00fcr\u00fcjiler, k\u00e4rende\u00e7i pagta\u00e7ylar gatna\u015fdylar.<\/p>\n\n\n\n<p>Hormatly \u00fda\u015fulular Watanymyzy\u0148 g\u00fcll\u00e4p \u00f6smegini, d\u00f6wlet Ba\u015ftutanymyz Serdar Berdimuhamedowy\u0148 alyp bar\u00fdan i\u015flerinde rowa\u00e7lyk hem-de \u00e4hli t\u00fcrkmen halkyny\u0148 abadan\u00e7ylygyny Be\u00fdik Biribardan dileg edip, \u201cHarmany\u0148yza bereket!\u201d di\u00fden s\u00f6zler bilen pagta \u00fdygymyna ba\u015flamaga ak pata berdiler.<\/p>\n\n\n\n<p>So\u0148ra ba\u00fddaklar bilen bezelen, \u00fcsti doly \u201cak altynly\u201d awtoulaglar hem-de tirkegli traktorlar K\u00f6ne\u00fcrgen\u00e7 etrabynda \u00fderle\u015f\u00fd\u00e4n, pagtany ga\u00fdtadan i\u015fle\u00fd\u00e4n k\u00e4rhana tarap ugradylar.<\/p>\n\n\n\n<p>Oba hojalyk tehnikalaryny\u0148 we sebiti\u0148 obasenagat toplumy tarapyndan \u00f6nd\u00fcril\u00fd\u00e4n \u00f6n\u00fcmleri\u0148 sergisi guraldy. Wela\u00fdaty\u0148 artistleri, tans-d\u00f6redijilik toparlary aja\u00fdyp konsert maksatnamasy bilen \u00e7yky\u015f etdiler.<\/p>\n","protected":false},"excerpt":{"rendered":"<p>14-nji sent\u00fdabrda hormatly Prezidentimiz Serdar Berdimuhamedowy\u0148 2-nji sent\u00fdabrda ge\u00e7irilen Ministrler Kabinetini\u0148 mejlisinde beren tab\u015fyrygyna la\u00fdyklykda, Da\u015foguz wela\u00fdatyny\u0148 ekeran\u00e7ylary pagta \u00fdygymyna giri\u015fdiler. Pagta \u00fdygymyny\u0148 \u00f6\u0148\u00fcsyrasynda wela\u00fdat h\u00e4kimliginde guralan i\u015f maslahatynda \u00fdygym m\u00f6ws\u00fcmini gurama\u00e7ylykly ge\u00e7irmek bo\u00fdun\u00e7a wezipeler, \u00e4hli degi\u015fli gulluklary\u0148 takyk i\u015flemegi we sazla\u015fykly hereketi ara alnyp maslahatla\u015fylan esasy meseleler boldy. Bellenili\u015fi \u00fdaly, me\u00fddan i\u015flerini\u0148 sazla\u015fykly hem-de [&hellip;]<\/p>\n","protected":false},"author":2,"featured_media":63869,"comment_status":"open","ping_status":"closed","sticky":false,"template":"","format":"standard","meta":{"footnotes":""},"categories":[3],"tags":[],"acf":[],"_links":{"self":[{"href":"https:\/\/zamanturkmenistan.com.tm\/index.php?rest_route=\/wp\/v2\/posts\/63868"}],"collection":[{"href":"https:\/\/zamanturkmenistan.com.tm\/index.php?rest_route=\/wp\/v2\/posts"}],"about":[{"href":"https:\/\/zamanturkmenistan.com.tm\/index.php?rest_route=\/wp\/v2\/types\/post"}],"author":[{"embeddable":true,"href":"https:\/\/zamanturkmenistan.com.tm\/index.php?rest_route=\/wp\/v2\/users\/2"}],"replies":[{"embeddable":true,"href":"https:\/\/zamanturkmenistan.com.tm\/index.php?rest_route=%2Fwp%2Fv2%2Fcomments&post=63868"}],"version-history":[{"count":2,"href":"https:\/\/zamanturkmenistan.com.tm\/index.php?rest_route=\/wp\/v2\/posts\/63868\/revisions"}],"predecessor-version":[{"id":63890,"href":"https:\/\/zamanturkmenistan.com.tm\/index.php?rest_route=\/wp\/v2\/posts\/63868\/revisions\/63890"}],"wp:featuredmedia":[{"embeddable":true,"href":"https:\/\/zamanturkmenistan.com.tm\/index.php?rest_route=\/wp\/v2\/media\/63869"}],"wp:attachment":[{"href":"https:\/\/zamanturkmenistan.com.tm\/index.php?rest_route=%2Fwp%2Fv2%2Fmedia&parent=63868"}],"wp:term":[{"taxonomy":"category","embeddable":true,"href":"https:\/\/zamanturkmenistan.com.tm\/index.php?rest_route=%2Fwp%2Fv2%2Fcategories&post=63868"},{"taxonomy":"post_tag","embeddable":true,"href":"https:\/\/zamanturkmenistan.com.tm\/index.php?rest_route=%2Fwp%2Fv2%2Ftags&post=63868"}],"curies":[{"name":"wp","href":"https:\/\/api.w.org\/{rel}","templated":true}]}}