{"id":63984,"date":"2022-09-16T09:34:18","date_gmt":"2022-09-16T04:34:18","guid":{"rendered":"https:\/\/zamanturkmenistan.com.tm\/?p=63984"},"modified":"2022-09-16T09:34:19","modified_gmt":"2022-09-16T04:34:19","slug":"ay-sekilli-bina-gurlar","status":"publish","type":"post","link":"https:\/\/zamanturkmenistan.com.tm\/?p=63984","title":{"rendered":"A\u00fd \u015fe\u00adkil\u00adli bi\u00adna gur\u00adlar"},"content":{"rendered":"\n<p>Bir\u00adle\u00ad\u015fen Arap Emir\u00adlik\u00adle\u00adri\u00adni\u0148 Du\u00adba\u00fd \u015f\u00e4\u00adhe\u00adrin\u00adde A\u00fdy\u0148 \u015fe\u00adki\u00adli\u00adne me\u0148\u00adze\u015f \u00e4pet bi\u00adna gur\u00adlar. T\u00e4\u00adsin bi\u00adna d\u00fcn\u00ad\u00fd\u00e4\u00adni\u0148 iri sy\u00ad\u00fda\u00adhat\u00ad\u00e7y\u00adlyk we t\u00e4\u00adjir\u00ad\u00e7i\u00adlik mer\u00adkez\u00adle\u00adri\u00adni\u0148 bi\u00adri bo\u00adlan \u015f\u00e4\u00adhe\u00adri\u0148 \u00fde\u00adne bir ge\u00adlim-gi\u00addim\u00adli k\u00fcn\u00adjek\u00adle\u00adri\u00adni\u0148 bi\u00adri\u00adne \u00f6w\u00adr\u00fc\u00adler. T\u00e4\u00adze tas\u00adla\u00adma\u00adny\u0148 gur\u00adlu\u00ad\u015fy\u00adgy \u00fc\u00e7in 5 mil\u00adliard dol\u00adlar sarp edi\u00adler. Bu tas\u00adla\u00adma Ka\u00adna\u00adda\u00adny\u0148 \u00abMo\u00adon World Re\u00adsorts\u00bb bi\u00adna\u00adg\u00e4r\u00ad\u00e7i\u00adlik kom\u00adpa\u00adni\u00ad\u00fda\u00adsy ta\u00adra\u00adpyn\u00addan ta\u00fd\u00ad\u00fdar\u00adlan\u00addy. Bi\u00adna\u00adny\u0148 be\u00ad\u00fdik\u00adli\u00adgi\u00adni\u0148 224 metr bol\u00adma\u00adgy\u00adna ga\u00adra\u00ad\u015fyl\u00ad\u00fdar, \u015fe\u00fd\u00adle hem \u00fda\u00adna\u00ad\u015fyk \u00fder\u00adle\u00adrin\u00adde 40 m\u00fc\u0148 ine\u00add\u00f6r\u00add\u00fcl me\u00fd\u00addan\u00adda \u00f6z\u00adbo\u00adlu\u015f\u00adly tas\u00adla\u00adma\u00adla\u00adry\u0148 gu\u00adrul\u00adma\u00adgy g\u00f6z \u00f6\u0148\u00fcn\u00adde tu\u00adtul\u00ad\u00fdar. T\u00e4\u00adsin bi\u00adna her \u00fdyl 2,5 mil\u00adli\u00adon myh\u00adma\u00adny ka\u00adbul eder. Tas\u00adla\u00adma dur\u00admu\u00ad\u015fa ge\u00ad\u00e7i\u00adri\u00adlen\u00adde di\u00ad\u0148e \u00fdo\u00adka\u00adry teh\u00adno\u00adlo\u00adgi\u00ad\u00fda\u00adla\u00adry\u0148 we t\u00e4\u00adze\u00ad\u00e7il in\u00ad\u017ee\u00adner\u00ad\u00e7i\u00adlik \u00e7\u00f6z\u00adg\u00fct\u00adle\u00adri\u00adni\u0148 pe\u00fd\u00adda\u00adla\u00adnyl\u00adjak\u00addy\u00adgy bel\u00adle\u00adnil\u00ad\u00fd\u00e4r.<br>A\u00fd \u015fe\u00adkil\u00adli bi\u00adna\u00adda d\u00fcr\u00adli kos\u00admos agent\u00adlik\u00adle\u00adri\u00adni\u0148 we\u00adkil\u00adlik\u00adle\u00adri a\u00e7y\u00adlar we bi\u00adna\u00adny\u0148 i\u00e7in\u00adde gel\u00adjek\u00adki kos\u00admo\u00adnawt\u00adla\u00adry ta\u00fd\u00ad\u00fdar\u00adla\u00admak \u00fc\u00e7in \u00fd\u00f6\u00adri\u00adte t\u00fcr\u00adgen\u00adle\u00ad\u015fik mer\u00adke\u00adzi he\u00adre\u00adket eder. Tas\u00adla\u00adma\u00adny\u0148 4 \u00fdyl\u00adda gur\u00adlup gu\u00adta\u00adryl\u00adma\u00adgy\u00adna ga\u00adra\u00ad\u015fyl\u00ad\u00fdar.<\/p>\n\n\n\n<p class=\"has-text-align-right\"><strong>Ogul\u00adhan IL\u00adME\u00adDO\u00adWA,<br>S.A.Ny\u00ad\u00fda\u00adzow adyn\u00adda\u00adky T\u00fcrk\u00admen oba ho\u00adja\u00adlyk uni\u00adwer\u00adsi\u00adte\u00adti\u00adni\u0148 ta\u00adly\u00adby.<\/strong><\/p>\n","protected":false},"excerpt":{"rendered":"<p>Bir\u00adle\u00ad\u015fen Arap Emir\u00adlik\u00adle\u00adri\u00adni\u0148 Du\u00adba\u00fd \u015f\u00e4\u00adhe\u00adrin\u00adde A\u00fdy\u0148 \u015fe\u00adki\u00adli\u00adne me\u0148\u00adze\u015f \u00e4pet bi\u00adna gur\u00adlar. T\u00e4\u00adsin bi\u00adna d\u00fcn\u00ad\u00fd\u00e4\u00adni\u0148 iri sy\u00ad\u00fda\u00adhat\u00ad\u00e7y\u00adlyk we t\u00e4\u00adjir\u00ad\u00e7i\u00adlik mer\u00adkez\u00adle\u00adri\u00adni\u0148 bi\u00adri bo\u00adlan \u015f\u00e4\u00adhe\u00adri\u0148 \u00fde\u00adne bir ge\u00adlim-gi\u00addim\u00adli k\u00fcn\u00adjek\u00adle\u00adri\u00adni\u0148 bi\u00adri\u00adne \u00f6w\u00adr\u00fc\u00adler. T\u00e4\u00adze tas\u00adla\u00adma\u00adny\u0148 gur\u00adlu\u00ad\u015fy\u00adgy \u00fc\u00e7in 5 mil\u00adliard dol\u00adlar sarp edi\u00adler. Bu tas\u00adla\u00adma Ka\u00adna\u00adda\u00adny\u0148 \u00abMo\u00adon World Re\u00adsorts\u00bb bi\u00adna\u00adg\u00e4r\u00ad\u00e7i\u00adlik kom\u00adpa\u00adni\u00ad\u00fda\u00adsy ta\u00adra\u00adpyn\u00addan ta\u00fd\u00ad\u00fdar\u00adlan\u00addy. Bi\u00adna\u00adny\u0148 be\u00ad\u00fdik\u00adli\u00adgi\u00adni\u0148 224 metr bol\u00adma\u00adgy\u00adna ga\u00adra\u00ad\u015fyl\u00ad\u00fdar, \u015fe\u00fd\u00adle hem [&hellip;]<\/p>\n","protected":false},"author":2,"featured_media":63985,"comment_status":"open","ping_status":"closed","sticky":false,"template":"","format":"status","meta":{"footnotes":""},"categories":[5],"tags":[],"acf":[],"_links":{"self":[{"href":"https:\/\/zamanturkmenistan.com.tm\/index.php?rest_route=\/wp\/v2\/posts\/63984"}],"collection":[{"href":"https:\/\/zamanturkmenistan.com.tm\/index.php?rest_route=\/wp\/v2\/posts"}],"about":[{"href":"https:\/\/zamanturkmenistan.com.tm\/index.php?rest_route=\/wp\/v2\/types\/post"}],"author":[{"embeddable":true,"href":"https:\/\/zamanturkmenistan.com.tm\/index.php?rest_route=\/wp\/v2\/users\/2"}],"replies":[{"embeddable":true,"href":"https:\/\/zamanturkmenistan.com.tm\/index.php?rest_route=%2Fwp%2Fv2%2Fcomments&post=63984"}],"version-history":[{"count":1,"href":"https:\/\/zamanturkmenistan.com.tm\/index.php?rest_route=\/wp\/v2\/posts\/63984\/revisions"}],"predecessor-version":[{"id":63986,"href":"https:\/\/zamanturkmenistan.com.tm\/index.php?rest_route=\/wp\/v2\/posts\/63984\/revisions\/63986"}],"wp:featuredmedia":[{"embeddable":true,"href":"https:\/\/zamanturkmenistan.com.tm\/index.php?rest_route=\/wp\/v2\/media\/63985"}],"wp:attachment":[{"href":"https:\/\/zamanturkmenistan.com.tm\/index.php?rest_route=%2Fwp%2Fv2%2Fmedia&parent=63984"}],"wp:term":[{"taxonomy":"category","embeddable":true,"href":"https:\/\/zamanturkmenistan.com.tm\/index.php?rest_route=%2Fwp%2Fv2%2Fcategories&post=63984"},{"taxonomy":"post_tag","embeddable":true,"href":"https:\/\/zamanturkmenistan.com.tm\/index.php?rest_route=%2Fwp%2Fv2%2Ftags&post=63984"}],"curies":[{"name":"wp","href":"https:\/\/api.w.org\/{rel}","templated":true}]}}