{"id":64010,"date":"2022-09-16T11:39:18","date_gmt":"2022-09-16T06:39:18","guid":{"rendered":"https:\/\/zamanturkmenistan.com.tm\/?p=64010"},"modified":"2022-09-16T11:39:26","modified_gmt":"2022-09-16T06:39:26","slug":"samarkantda-shg-nin-sammiti-gecirilyar","status":"publish","type":"post","link":"https:\/\/zamanturkmenistan.com.tm\/?p=64010","title":{"rendered":"Sa\u00admar\u00adkant\u00adda \u015eHG-ni\u0148 sam\u00admi\u00adti ge\u00ad\u00e7i\u00adril\u00ad\u00fd\u00e4r"},"content":{"rendered":"\n<p>D\u00fc\u00fdn \u2013 15-nji sent\u00ad\u00fdabr\u00adda \u00d6z\u00adbe\u00adgis\u00adta\u00adny\u0148 Sa\u00admar\u00adkant \u015f\u00e4\u00adhe\u00adrin\u00adde \u015ean\u00adha\u00fd Hyz\u00admat\u00adda\u015f\u00adlyk Gu\u00adra\u00adma\u00adsy\u00adny\u0148 (\u015eHG) sam\u00admi\u00adti \u00f6z i\u015fine ba\u015f\u00adla\u00addy. Bu sammit 2019-njy \u00fdyl\u00addan b\u00e4\u00adri il\u00adkin\u00adji ge\u00adzek birn\u00e4\u00e7e \u00fdurtlary\u0148 d\u00f6wlet Ba\u015ftutanlaryny\u0148 gatna\u015fmagynda \u00fd\u00fcz\u00adbe-\u00fd\u00fcz \u00fdag\u00adda\u00fd\u00adda ge\u00e7iril\u00fd\u00e4r. \u015eHG-ni\u0148 sam\u00admi\u00adti\u00adne \u00d6z\u00adbe\u00adgis\u00adta\u00adny\u0148 Pre\u00adzi\u00adden\u00adti \u015eaw\u00adkat Mir\u00adzi\u00ad\u00fdo\u00ad\u00fdew\u00adden ba\u015f\u00adga-da Rus\u00adsi\u00ad\u00fda\u00adny\u0148 Pre\u00adzi\u00adden\u00adti Wla\u00addi\u00admir Pu\u00adtin, Hy\u00adta\u00ad\u00fd Halk Res\u00adpub\u00adli\u00adka\u00adsy\u00adny\u0148 Ba\u015f\u00adly\u00adgy Si Szin\u00adpin, Hin\u00addis\u00adta\u00adny\u0148 Prem\u00ad\u00fder-mi\u00adnist\u00adri Na\u00adrend\u00adra Mo\u00addi, Ga\u00adza\u00adgys\u00adta\u00adny\u0148 Pre\u00adzi\u00adden\u00adti Kas\u00adym-\u017do\u00admart To\u00adka\u00ad\u00fdew, Pa\u00adkis\u00adta\u00adny\u0148 Prem\u00ad\u00fder-mi\u00adnist\u00adri \u015eah\u00adbaz \u015ee\u00adrif, Gyr\u00adgy\u00adzys\u00adta\u00adny\u0148 Pre\u00adzi\u00adden\u00adti Sa\u00addyr Ja\u00adpa\u00adrow, T\u00e4\u00adji\u00adgis\u00adta\u00adny\u0148 Pre\u00adzi\u00adden\u00adti Emo\u00adma\u00adli Rah\u00admon gat\u00adna\u015f\u00ad\u00fdar. Sam\u00admi\u00adti\u0148 do\u00adwa\u00admyn\u00adda ta\u00adrap\u00adlar \u015eHG-ni\u0148 ara\u00adsyn\u00adda\u00adky hyz\u00admat\u00adda\u015f\u00adly\u00adgy mun\u00addan be\u00fd\u00adl\u00e4k-de g\u00fc\u00fd\u00e7\u00adlen\u00addir\u00admek \u00fc\u00e7in ile\u00adri tu\u00adtul\u00ad\u00fdan me\u00adse\u00adle\u00adle\u00adri ara alyp mas\u00adla\u00adhat\u00adla\u015f\u00fdar\u00adlar hem-de hal\u00adka\u00adra we se\u00adbit me\u00adse\u00adle\u00adle\u00adri ba\u00adra\u00adda pi\u00adkir aly\u015f\u00ad\u00fdarlar.<br>Sam\u00admi\u00adti\u0148 do\u00adwa\u00admyn\u00adda \u015eHG-\u00e4 ag\u00adza \u00fdurt\u00adla\u00adry\u0148 \u00fdol\u00adba\u015f\u00ad\u00e7y\u00adla\u00adry t\u00f6\u00adwek\u00adgel\u00ad\u00e7i\u00adlik\u00adle\u00adre we kyn\u00ad\u00e7y\u00adlyk\u00adla\u00adra gar\u00ad\u015fy g\u00f6\u00adre\u015f\u00admek, howp\u00adsuz\u00adly\u00adgy, dur\u00adnuk\u00adly\u00adly\u00adgy we \u00f6s\u00fc\u00ad\u015fi iler\u00adlet\u00admek \u00fc\u00e7in t\u00e4\u00adze pi\u00adkir\u00adle\u00adri we \u00e7\u00e4\u00adre\u00adle\u00adri ara alyp mas\u00adla\u00adhat\u00adla\u015f\u00ad\u00fdar\u00adlar. Mas\u00adla\u00adhat\u00ady\u0148 do\u00adwa\u00admyn\u00adda yk\u00addy\u00adsa\u00addy we s\u00f6w\u00adda gat\u00adna\u00ad\u015fyk\u00adla\u00adry\u00adny pug\u00adta\u00adlan\u00addyr\u00adma\u00adga, ulag we ara\u00adgat\u00adna\u00ad\u015fyk gat\u00adna\u00ad\u015fyk\u00adla\u00adry\u00adny gi\u00ad\u0148elt\u00adm\u00e4\u00adge a\u00fd\u00adra\u00adtyn \u00fcns be\u00adr\u00ad\u00fd\u00e4rler. Sammitde \u00d6z\u00adbe\u00adgis\u00adta\u00adny\u0148 \u015eHG-\u00e4 ba\u015f\u00adlyk\u00adlyk eden d\u00f6w\u00adr\u00fcn\u00adde gu\u00adra\u00adma\u00adny\u0148 hal\u00adka\u00adra ab\u00adra\u00ad\u00fdy\u00adny g\u00fc\u00fd\u00e7\u00adlen\u00addi\u00adrip, san\u00adly \u00fc\u00fdt\u00adge\u015f\u00adme\u00adle\u00adri we \u00ab\u00fda\u00ad\u015fyl\u00bb yk\u00addy\u00adsa\u00addy\u00ad\u00fde\u00adti \u00f6s\u00add\u00fc\u00adren\u00addi\u00adgi bel\u00adle\u00adnildi.<br>Sam\u00admi\u00adte syn\u00ad\u00e7y d\u00f6w\u00adlet\u00adle\u00adri\u0148 Ba\u015f\u00adtu\u00adtan\u00adla\u00adry h\u00f6k\u00adm\u00fcn\u00adde, Be\u00adla\u00adru\u00adsu\u0148 Pre\u00adzi\u00adden\u00adti Alek\u00adsandr Lu\u00adka\u00ad\u015fen\u00adko, E\u00fd\u00adra\u00adny\u0148 Prezidenti Se\u00fded Eb\u00adra\u00adhim Rai\u00adsi, Mon\u00adgo\u00adli\u00ad\u00fda\u00adny\u0148 Pre\u00adzi\u00adden\u00adti Uh\u00adnaa\u00adgi\u00fdn Hu\u00adrel\u00adsuh gat\u00adna\u015f\u00fdar. \u015eHG-ni\u0148 sam\u00admi\u00adti\u00adne T\u00fcr\u00adki\u00ad\u00fd\u00e4\u00adni\u0148 Pre\u00adzi\u00adden\u00adti Re\u00adjep Ta\u00ad\u00fdyp \u00c4r\u00addo\u00adgan, Azer\u00adba\u00fd\u00adja\u00adny\u0148 Prezidenti Il\u00adham Ali\u00ad\u00fdew, T\u00fcrk\u00adme\u00adnis\u00adta\u00adny\u0148 Prezidenti Serdar Berdimuhamedow myh\u00adman h\u00f6k\u00adm\u00fcn\u00adde gat\u00adna\u015f\u00ad\u00fdar.<br>\u015eHG 2001-nji \u00fdyl\u00adda d\u00f6\u00adre\u00addi\u00adlen hal\u00adka\u00adra gu\u00adra\u00adma bo\u00adlup, Hin\u00addis\u00adtan, Ga\u00adza\u00adgys\u00adtan, Hy\u00adta\u00fd, Gyr\u00adgy\u00adzys\u00adtan, Rus\u00adsi\u00ad\u00fda, T\u00e4\u00adji\u00adgis\u00adtan, Pa\u00adkis\u00adtan we \u00d6z\u00adbe\u00adgis\u00adtan onu\u0148 ag\u00adza\u00adla\u00adry\u00addyr. Syn\u00ad\u00e7y \u00fdurt\u00adlar \u2013 Ow\u00adga\u00adnys\u00adtan, Be\u00adla\u00adrus, E\u00fd\u00adran we Mon\u00adgo\u00adli\u00ad\u00fda, hyz\u00admat\u00adda\u015f \u00fdurt\u00adlar \u2013 Azer\u00adba\u00fd\u00adjan, Er\u00adme\u00adnis\u00adtan, Kam\u00adbo\u00adja, Ne\u00adpal, T\u00fcr\u00adki\u00ad\u00fde we \u015eri-Lan\u00adka. Sammitde E\u00fdrany\u0148 \u015eHG-\u00e4ni\u0148 doly agzasy bolmagyna \u00fdol a\u00e7\u00fdan ylala\u015fyga gol \u00e7ekildi. \u015ee\u00fdle-de, Belarusu\u0148 gurama doly agza bolmak baradaky arzasyny\u0148 kabul edilmegine gara\u015fyl\u00fdar.<\/p>\n","protected":false},"excerpt":{"rendered":"<p>D\u00fc\u00fdn \u2013 15-nji sent\u00ad\u00fdabr\u00adda \u00d6z\u00adbe\u00adgis\u00adta\u00adny\u0148 Sa\u00admar\u00adkant \u015f\u00e4\u00adhe\u00adrin\u00adde \u015ean\u00adha\u00fd Hyz\u00admat\u00adda\u015f\u00adlyk Gu\u00adra\u00adma\u00adsy\u00adny\u0148 (\u015eHG) sam\u00admi\u00adti \u00f6z i\u015fine ba\u015f\u00adla\u00addy. Bu sammit 2019-njy \u00fdyl\u00addan b\u00e4\u00adri il\u00adkin\u00adji ge\u00adzek birn\u00e4\u00e7e \u00fdurtlary\u0148 d\u00f6wlet Ba\u015ftutanlaryny\u0148 gatna\u015fmagynda \u00fd\u00fcz\u00adbe-\u00fd\u00fcz \u00fdag\u00adda\u00fd\u00adda ge\u00e7iril\u00fd\u00e4r. \u015eHG-ni\u0148 sam\u00admi\u00adti\u00adne \u00d6z\u00adbe\u00adgis\u00adta\u00adny\u0148 Pre\u00adzi\u00adden\u00adti \u015eaw\u00adkat Mir\u00adzi\u00ad\u00fdo\u00ad\u00fdew\u00adden ba\u015f\u00adga-da Rus\u00adsi\u00ad\u00fda\u00adny\u0148 Pre\u00adzi\u00adden\u00adti Wla\u00addi\u00admir Pu\u00adtin, Hy\u00adta\u00ad\u00fd Halk Res\u00adpub\u00adli\u00adka\u00adsy\u00adny\u0148 Ba\u015f\u00adly\u00adgy Si Szin\u00adpin, Hin\u00addis\u00adta\u00adny\u0148 Prem\u00ad\u00fder-mi\u00adnist\u00adri Na\u00adrend\u00adra Mo\u00addi, Ga\u00adza\u00adgys\u00adta\u00adny\u0148 Pre\u00adzi\u00adden\u00adti Kas\u00adym-\u017do\u00admart To\u00adka\u00ad\u00fdew, [&hellip;]<\/p>\n","protected":false},"author":2,"featured_media":64011,"comment_status":"open","ping_status":"closed","sticky":false,"template":"","format":"standard","meta":{"footnotes":""},"categories":[5],"tags":[],"acf":[],"_links":{"self":[{"href":"https:\/\/zamanturkmenistan.com.tm\/index.php?rest_route=\/wp\/v2\/posts\/64010"}],"collection":[{"href":"https:\/\/zamanturkmenistan.com.tm\/index.php?rest_route=\/wp\/v2\/posts"}],"about":[{"href":"https:\/\/zamanturkmenistan.com.tm\/index.php?rest_route=\/wp\/v2\/types\/post"}],"author":[{"embeddable":true,"href":"https:\/\/zamanturkmenistan.com.tm\/index.php?rest_route=\/wp\/v2\/users\/2"}],"replies":[{"embeddable":true,"href":"https:\/\/zamanturkmenistan.com.tm\/index.php?rest_route=%2Fwp%2Fv2%2Fcomments&post=64010"}],"version-history":[{"count":1,"href":"https:\/\/zamanturkmenistan.com.tm\/index.php?rest_route=\/wp\/v2\/posts\/64010\/revisions"}],"predecessor-version":[{"id":64012,"href":"https:\/\/zamanturkmenistan.com.tm\/index.php?rest_route=\/wp\/v2\/posts\/64010\/revisions\/64012"}],"wp:featuredmedia":[{"embeddable":true,"href":"https:\/\/zamanturkmenistan.com.tm\/index.php?rest_route=\/wp\/v2\/media\/64011"}],"wp:attachment":[{"href":"https:\/\/zamanturkmenistan.com.tm\/index.php?rest_route=%2Fwp%2Fv2%2Fmedia&parent=64010"}],"wp:term":[{"taxonomy":"category","embeddable":true,"href":"https:\/\/zamanturkmenistan.com.tm\/index.php?rest_route=%2Fwp%2Fv2%2Fcategories&post=64010"},{"taxonomy":"post_tag","embeddable":true,"href":"https:\/\/zamanturkmenistan.com.tm\/index.php?rest_route=%2Fwp%2Fv2%2Ftags&post=64010"}],"curies":[{"name":"wp","href":"https:\/\/api.w.org\/{rel}","templated":true}]}}