{"id":64028,"date":"2022-09-16T12:47:13","date_gmt":"2022-09-16T07:47:13","guid":{"rendered":"https:\/\/zamanturkmenistan.com.tm\/?p=64028"},"modified":"2022-09-16T14:18:17","modified_gmt":"2022-09-16T09:18:17","slug":"gazagystanda-prezidentin-wezipe-mohleti-yedi-yyl-boldy","status":"publish","type":"post","link":"https:\/\/zamanturkmenistan.com.tm\/?p=64028","title":{"rendered":"Gazagystanda Prezidenti\u0148 wezipe m\u00f6hleti \u00fdedi \u00fdyl boldy"},"content":{"rendered":"\n<p>Gazagystanda t\u00e4ze kanun kabul edilip, o\u0148a la\u00fdyklykda, \u00fdurdu\u0148 Prezidenti \u00fdedi \u00fdyl m\u00f6hlet bilen sa\u00fdlanar.<\/p>\n\n\n\n<p>Gazagystany\u0148 mejlisini\u0148 iki palatasyny\u0148 agzalary Prezidenti\u0148 m\u00f6hletini\u0148 bir gezek we \u00fdedi \u00fdyl dowam etjek Kanuny kabul etdi. Bu d\u00fczg\u00fcn \u00fc\u00fdtgewsiz \u00fdagda\u00fdda boljakdygy habar beril\u00fd\u00e4r.<\/p>\n","protected":false},"excerpt":{"rendered":"<p>Gazagystanda t\u00e4ze kanun kabul edilip, o\u0148a la\u00fdyklykda, \u00fdurdu\u0148 Prezidenti \u00fdedi \u00fdyl m\u00f6hlet bilen sa\u00fdlanar. Gazagystany\u0148 mejlisini\u0148 iki palatasyny\u0148 agzalary Prezidenti\u0148 m\u00f6hletini\u0148 bir gezek we \u00fdedi \u00fdyl dowam etjek Kanuny kabul etdi. Bu d\u00fczg\u00fcn \u00fc\u00fdtgewsiz \u00fdagda\u00fdda boljakdygy habar beril\u00fd\u00e4r.<\/p>\n","protected":false},"author":2,"featured_media":64029,"comment_status":"open","ping_status":"closed","sticky":false,"template":"","format":"standard","meta":{"footnotes":""},"categories":[5],"tags":[],"acf":[],"_links":{"self":[{"href":"https:\/\/zamanturkmenistan.com.tm\/index.php?rest_route=\/wp\/v2\/posts\/64028"}],"collection":[{"href":"https:\/\/zamanturkmenistan.com.tm\/index.php?rest_route=\/wp\/v2\/posts"}],"about":[{"href":"https:\/\/zamanturkmenistan.com.tm\/index.php?rest_route=\/wp\/v2\/types\/post"}],"author":[{"embeddable":true,"href":"https:\/\/zamanturkmenistan.com.tm\/index.php?rest_route=\/wp\/v2\/users\/2"}],"replies":[{"embeddable":true,"href":"https:\/\/zamanturkmenistan.com.tm\/index.php?rest_route=%2Fwp%2Fv2%2Fcomments&post=64028"}],"version-history":[{"count":1,"href":"https:\/\/zamanturkmenistan.com.tm\/index.php?rest_route=\/wp\/v2\/posts\/64028\/revisions"}],"predecessor-version":[{"id":64030,"href":"https:\/\/zamanturkmenistan.com.tm\/index.php?rest_route=\/wp\/v2\/posts\/64028\/revisions\/64030"}],"wp:featuredmedia":[{"embeddable":true,"href":"https:\/\/zamanturkmenistan.com.tm\/index.php?rest_route=\/wp\/v2\/media\/64029"}],"wp:attachment":[{"href":"https:\/\/zamanturkmenistan.com.tm\/index.php?rest_route=%2Fwp%2Fv2%2Fmedia&parent=64028"}],"wp:term":[{"taxonomy":"category","embeddable":true,"href":"https:\/\/zamanturkmenistan.com.tm\/index.php?rest_route=%2Fwp%2Fv2%2Fcategories&post=64028"},{"taxonomy":"post_tag","embeddable":true,"href":"https:\/\/zamanturkmenistan.com.tm\/index.php?rest_route=%2Fwp%2Fv2%2Ftags&post=64028"}],"curies":[{"name":"wp","href":"https:\/\/api.w.org\/{rel}","templated":true}]}}