{"id":64271,"date":"2022-09-21T10:16:00","date_gmt":"2022-09-21T05:16:00","guid":{"rendered":"https:\/\/zamanturkmenistan.com.tm\/?p=64271"},"modified":"2022-09-21T10:16:01","modified_gmt":"2022-09-21T05:16:01","slug":"bmg-nin-bas-assambleyasynyn-77-nji-sessiyasy-acyldy","status":"publish","type":"post","link":"https:\/\/zamanturkmenistan.com.tm\/?p=64271","title":{"rendered":"BMG-ni\u0148 Ba\u015f Assamble\u00fdasyny\u0148 77-nji sessi\u00fdasy a\u00e7yldy"},"content":{"rendered":"\n<p>20-nji sent\u00fdabrda Birle\u015fen Milletler Guramasyny\u0148 Ba\u015f Assamble\u00fdasyny\u0148 77-nji sessi\u00fdasy N\u00fdu-\u00ddork \u015f\u00e4herinde badalga aldy.<\/p>\n\n\n\n<p>Maslahat BMG-ni\u0148 Ba\u015f sekretary Antonio Guterre\u015fi\u0148 we BMG-ni\u0148 Ba\u015f Assamble\u00fdasyny\u0148 77-nji mejlisini\u0148 ba\u015flygy \u00c7aba K\u00f6r\u00fd\u00f6\u015fini\u0148 \u00e7yky\u015flary bilen ba\u015flady. Guterre\u015f alty g\u00fcn dowam etjek sammite \u00fdygnananlary m\u00e4hirli gar\u015fylady. Bu \u00fderde d\u00fcrli \u00fdurtlary\u0148 wekilleri halkara jemgy\u00fdet\u00e7iligini\u0148 \u00f6\u0148\u00fcnde dur\u00fdan birn\u00e4\u00e7e m\u00f6h\u00fcm meseleler bo\u00fdun\u00e7a \u00f6z pikirlerini be\u00fdan ed\u00fd\u00e4rler. Guterre\u015fi\u0148 a\u00fddy\u015fy \u00fdaly howany\u0148 \u00fc\u00fdtgemegine gar\u015fy g\u00f6re\u015f, pandemi\u00fda \u00fdaly meseleler \u00fdakyn a\u00fdlarda halkara ulgamy \u00fc\u00e7in a\u00fdratyn synag bolar. Onu\u0148 s\u00f6zlerine g\u00f6r\u00e4, BMG-ni\u0148 Ba\u015f Assamble\u00fdasy d\u00fcn\u00fd\u00e4 jemgy\u00fdet\u00e7iligini\u0148 hereketlerinde esasy orny e\u00fdele\u00fd\u00e4r.<\/p>\n\n\n\n<p>Ondan so\u0148 T\u00fcrki\u00fd\u00e4ni\u0148 Prezidenti Rejep Ta\u00fd\u00fdip Erdogany\u0148, Fransi\u00fdany\u0148 Prezidenti Emmanuel Makrony\u0148, Germani\u00fdany\u0148 Kansleri Olaf \u015eolsy\u0148 \u00e7yky\u015flary boldy.<\/p>\n\n\n\n<figure class=\"wp-block-image size-full\"><img decoding=\"async\" loading=\"lazy\" width=\"729\" height=\"438\" src=\"https:\/\/zamanturkmenistan.com.tm\/wp-content\/uploads\/2022\/09\/antoniu-guterrish.jpg\" alt=\"\" class=\"wp-image-64273\" srcset=\"https:\/\/zamanturkmenistan.com.tm\/wp-content\/uploads\/2022\/09\/antoniu-guterrish.jpg 729w, https:\/\/zamanturkmenistan.com.tm\/wp-content\/uploads\/2022\/09\/antoniu-guterrish-300x180.jpg 300w, https:\/\/zamanturkmenistan.com.tm\/wp-content\/uploads\/2022\/09\/antoniu-guterrish-696x418.jpg 696w, https:\/\/zamanturkmenistan.com.tm\/wp-content\/uploads\/2022\/09\/antoniu-guterrish-699x420.jpg 699w\" sizes=\"(max-width: 729px) 100vw, 729px\" \/><\/figure>\n\n\n\n<p>Fransi\u00fdany\u0148 Prezidenti Emmanuel Makron we be\u00fdleki \u00ddewropa liderleri \u00f6z \u00e7yky\u015flarynda global meseleler bo\u00fdun\u00e7a \u00ddewropany\u0148 gara\u00fdy\u015flaryny \u00f6\u0148e s\u00fcrdiler. D\u00e4p bol\u015fy \u00fdaly, maslahaty\u0148 \u00e7\u00e4ginde ikitarapla\u00fdyn du\u015fu\u015fyklar ge\u00e7irildi. Makron ilkinjileri\u0148 hatarynda E\u00fdrany\u0148 Prezidenti Ebrahim Raisi bilen du\u015fu\u015fyk ge\u00e7irdi.<\/p>\n\n\n\n<p>Bir \u00fdyl dowam etjek t\u00e4ze sessi\u00fdany\u0148 g\u00fcn tertibini howany\u0148 \u00fc\u00fdtgemegi, koronawirusa we be\u00fdleki \u00fdokan\u00e7lyklara gar\u015fy g\u00f6re\u015f, durnukly \u00f6s\u00fc\u015f meseleleri, h\u00e4zirki zaman \u00e7\u00f6kg\u00fcnliklerini \u00f6z i\u00e7ine al\u00fdan d\u00fcrli halkara temalaryny \u00f6z i\u00e7ine al\u00fdar. Esasy \u00e7\u00e4re 20-26-njy sent\u00fdabr aralygynda ge\u00e7irilip, o\u0148a d\u00fcrli \u00fdurtlardan d\u00f6wlet Ba\u015ftutanlary, h\u00f6k\u00fcmet we da\u015fary i\u015fler ministrleri gatna\u015f\u00fdar. \u015ee\u00fdle-de onlar\u00e7a ikitarapla\u00fdyn we k\u00f6ptarapla\u00fdyn \u00fdygnaklar ge\u00e7irilip, delegatlar \u00e4hli m\u00f6h\u00fcm meseleleri ara alyp maslahatla\u015f\u00fdarlar.<\/p>\n\n\n\n<p>1946-njy \u00fdylda Ba\u015f Assamble\u00fdany\u0148 d\u00fcz\u00fcminde 51 d\u00f6wlet bolan bolsa, h\u00e4zir onu\u0148 sany 193-e \u00fdet\u00fd\u00e4r. Kyrkynjy \u00fdyllary\u0148 ahyrynda guramany\u0148 g\u00fcn tertibi, esasan, dekolonizasi\u00fda meselelerine bagy\u015flandy. 76 \u00fdylda Ba\u015f Assamble\u00fda ara alnyp maslahatla\u015fyl\u00fdan meseleleri\u0148 gerimini ep-esli gi\u0148eltdi we h\u00e4zirki wagtda sosial we ykdysady \u00f6s\u00fc\u015f meselelerine, terror\u00e7ylyga, korrupsi\u00fda, ne\u015fe s\u00f6wdasyna we AIW\/AIDS-e gar\u015fy g\u00f6re\u015f, a\u00fdal-gyzlary, bosgunlary we migrantlary, ma\u00fdyplary, \u00fderli halklary we \u00e7agalary goramak, demokrati\u00fdany\u0148 esasy \u00fd\u00f6relgelerini wagyz etmek, howany\u0148 \u00fc\u00fdtgemegine gar\u015fy g\u00f6re\u015f bilen me\u015fgullan\u00fdar.<\/p>\n","protected":false},"excerpt":{"rendered":"<p>20-nji sent\u00fdabrda Birle\u015fen Milletler Guramasyny\u0148 Ba\u015f Assamble\u00fdasyny\u0148 77-nji sessi\u00fdasy N\u00fdu-\u00ddork \u015f\u00e4herinde badalga aldy. Maslahat BMG-ni\u0148 Ba\u015f sekretary Antonio Guterre\u015fi\u0148 we BMG-ni\u0148 Ba\u015f Assamble\u00fdasyny\u0148 77-nji mejlisini\u0148 ba\u015flygy \u00c7aba K\u00f6r\u00fd\u00f6\u015fini\u0148 \u00e7yky\u015flary bilen ba\u015flady. Guterre\u015f alty g\u00fcn dowam etjek sammite \u00fdygnananlary m\u00e4hirli gar\u015fylady. Bu \u00fderde d\u00fcrli \u00fdurtlary\u0148 wekilleri halkara jemgy\u00fdet\u00e7iligini\u0148 \u00f6\u0148\u00fcnde dur\u00fdan birn\u00e4\u00e7e m\u00f6h\u00fcm meseleler bo\u00fdun\u00e7a \u00f6z pikirlerini [&hellip;]<\/p>\n","protected":false},"author":2,"featured_media":64272,"comment_status":"open","ping_status":"closed","sticky":false,"template":"","format":"standard","meta":{"footnotes":""},"categories":[5],"tags":[],"acf":[],"_links":{"self":[{"href":"https:\/\/zamanturkmenistan.com.tm\/index.php?rest_route=\/wp\/v2\/posts\/64271"}],"collection":[{"href":"https:\/\/zamanturkmenistan.com.tm\/index.php?rest_route=\/wp\/v2\/posts"}],"about":[{"href":"https:\/\/zamanturkmenistan.com.tm\/index.php?rest_route=\/wp\/v2\/types\/post"}],"author":[{"embeddable":true,"href":"https:\/\/zamanturkmenistan.com.tm\/index.php?rest_route=\/wp\/v2\/users\/2"}],"replies":[{"embeddable":true,"href":"https:\/\/zamanturkmenistan.com.tm\/index.php?rest_route=%2Fwp%2Fv2%2Fcomments&post=64271"}],"version-history":[{"count":1,"href":"https:\/\/zamanturkmenistan.com.tm\/index.php?rest_route=\/wp\/v2\/posts\/64271\/revisions"}],"predecessor-version":[{"id":64274,"href":"https:\/\/zamanturkmenistan.com.tm\/index.php?rest_route=\/wp\/v2\/posts\/64271\/revisions\/64274"}],"wp:featuredmedia":[{"embeddable":true,"href":"https:\/\/zamanturkmenistan.com.tm\/index.php?rest_route=\/wp\/v2\/media\/64272"}],"wp:attachment":[{"href":"https:\/\/zamanturkmenistan.com.tm\/index.php?rest_route=%2Fwp%2Fv2%2Fmedia&parent=64271"}],"wp:term":[{"taxonomy":"category","embeddable":true,"href":"https:\/\/zamanturkmenistan.com.tm\/index.php?rest_route=%2Fwp%2Fv2%2Fcategories&post=64271"},{"taxonomy":"post_tag","embeddable":true,"href":"https:\/\/zamanturkmenistan.com.tm\/index.php?rest_route=%2Fwp%2Fv2%2Ftags&post=64271"}],"curies":[{"name":"wp","href":"https:\/\/api.w.org\/{rel}","templated":true}]}}