{"id":64507,"date":"2022-09-23T19:47:00","date_gmt":"2022-09-23T14:47:00","guid":{"rendered":"https:\/\/zamanturkmenistan.com.tm\/?p=64507"},"modified":"2022-09-23T19:47:01","modified_gmt":"2022-09-23T14:47:01","slug":"23-nji-sentyabr-um-arkaly-anlatmagyn-halkara-guni","status":"publish","type":"post","link":"https:\/\/zamanturkmenistan.com.tm\/?p=64507","title":{"rendered":"23-nji sent\u00fdabr &#8211; \u00fcm arkaly a\u0148latmagy\u0148 halkara g\u00fcni"},"content":{"rendered":"\n<p>Her \u00fdy\u00adly\u0148 23-nji sent\u00ad\u00fdab\u00adryn\u00adda d\u00fcn\u00ad\u00fd\u00e4\u00adde gi\u0148\u00adden bel\u00adle\u00adnil\u00ad\u00fd\u00e4n \u201c\u00dcm ar\u00adka\u00adly a\u0148\u00adlat\u00adma\u00adgy\u0148 hal\u00adka\u00adra g\u00fc\u00adni\u201d 2017-nji \u00fdy\u00adly\u0148 de\u00adkabr a\u00fdyn\u00adda ge\u00ad\u00e7i\u00adri\u00adlen BMG-ni\u0148 Ba\u015f As\u00adsamb\u00adle\u00ad\u00fda\u00adsy\u00adny\u0148 B\u00fc\u00adtin\u00add\u00fcn\u00ad\u00fd\u00e4 ker\u00adler fe\u00adde\u00adra\u00adsi\u00ad\u00fda\u00adsy\u00adny\u0148 (WFD) Hal\u00adka\u00adra \u00fcm ar\u00adka\u00adly a\u0148\u00adlat\u00adma\u00adgy\u0148 di\u00adli (In\u00adter\u00adna\u00adtio\u00adnal Day of Sign Lan\u00adgua\u00adges) ba\u00adra\u00adda\u00adky ka\u00adbul eden ka\u00adra\u00adry bi\u00adlen d\u00f6\u00adre\u00addil\u00addi. \u00dcm ar\u00adka\u00adly a\u0148\u00adlat\u00adma\u00adgy\u0148 hal\u00adka\u00adra g\u00fc\u00adni e\u015fit\u00adm\u00e4\u00adge uky\u00adby bol\u00adma\u00addyk adam\u00adla\u00adry\u0148 we \u00fcm ar\u00adka\u00adly he\u00adre\u00adke\u00adti ulan\u00ad\u00fdan\u00adla\u00adry\u0148 dil a\u00fd\u00adra\u00adtyn\u00adly\u00adgy\u00adny we me\u00adde\u00adni d\u00fcr\u00adl\u00fc\u00adli\u00adgi\u00adni gol\u00adda\u00admak we go\u00adra\u00admak \u00fc\u00e7in aja\u00ad\u00fdyp m\u00fcm\u00adkin\u00ad\u00e7i\u00adlik\u00addir. B\u00fc\u00adtin\u00add\u00fcn\u00ad\u00fd\u00e4 ker\u00adler fe\u00adde\u00adra\u00adsi\u00ad\u00fda\u00adsy d\u00fcn\u00ad\u00fd\u00e4\u00adde 70 mil\u00adli\u00adon\u00addan gow\u00adrak e\u015fit\u00adm\u00e4\u00adge uky\u00adby bol\u00adma\u00addyk adam\u00adla\u00adry\u0148 bar\u00addy\u00adgy\u00adny, olar bi\u00adlen ara\u00adgat\u00adna\u00ad\u015fyk sak\u00adla\u00admak \u00fc\u00e7in \u00fcm he\u00adre\u00adke\u00adti bi\u00adlen gep\u00adle\u015f\u00adme\u00adgi\u0148 ze\u00adrur\u00addy\u00adgy\u00adny bel\u00adle\u00ad\u00fd\u00e4r. Olar 300-den gow\u00adrak \u00fcm he\u00adre\u00adke\u00adti\u00adni\u0148 d\u00fcr\u00adli dil\u00adle\u00adri\u00adni ulan\u00ad\u00fdar\u00adlar. Ma\u00ad\u00fdyp\u00adla\u00adry\u0148 hu\u00adkuk\u00adla\u00adry ba\u00adra\u00adda\u00adky kon\u00adwen\u00adsi\u00ad\u00fda \u00fcm ar\u00adka\u00adly he\u00adre\u00adke\u00adti\u0148 dil\u00adle\u00adri\u00adni ulan\u00adma\u00adgy yk\u00adrar ed\u00ad\u00fd\u00e4r we h\u00f6\u00adwes\u00adlen\u00addir\u00ad\u00fd\u00e4r. Bu se\u00adn\u00e4\u00adni\u0148 d\u00f6\u00adre\u00addil\u00adme\u00adgi d\u00fcn\u00ad\u00fd\u00e4\u00add\u00e4\u00adki e\u015fit\u00adm\u00e4\u00adge uky\u00adby bol\u00adma\u00addyk adam\u00adla\u00adry\u0148 dur\u00admu\u00ad\u015fyn\u00adda ling\u00adwis\u00adtik a\u00fd\u00adra\u00adtyn\u00adly\u00adgy\u0148 \u00f6s\u00adme\u00adgi\u00adne \u00fdar\u00addam ber\u00ad\u00fd\u00e4r.<\/p>\n\n\n\n<p class=\"has-text-align-right\"><br><strong>Ali\u00admu\u00adham\u00admet \u015eu\u00adku\u00adrow,<br>T\u00fcrk\u00admen oba ho\u00adja\u00adlyk ins\u00adti\u00adtu\u00adty\u00adny\u0148 mu\u00adgal\u00adly\u00admy<\/strong><\/p>\n","protected":false},"excerpt":{"rendered":"<p>Her \u00fdy\u00adly\u0148 23-nji sent\u00ad\u00fdab\u00adryn\u00adda d\u00fcn\u00ad\u00fd\u00e4\u00adde gi\u0148\u00adden bel\u00adle\u00adnil\u00ad\u00fd\u00e4n \u201c\u00dcm ar\u00adka\u00adly a\u0148\u00adlat\u00adma\u00adgy\u0148 hal\u00adka\u00adra g\u00fc\u00adni\u201d 2017-nji \u00fdy\u00adly\u0148 de\u00adkabr a\u00fdyn\u00adda ge\u00ad\u00e7i\u00adri\u00adlen BMG-ni\u0148 Ba\u015f As\u00adsamb\u00adle\u00ad\u00fda\u00adsy\u00adny\u0148 B\u00fc\u00adtin\u00add\u00fcn\u00ad\u00fd\u00e4 ker\u00adler fe\u00adde\u00adra\u00adsi\u00ad\u00fda\u00adsy\u00adny\u0148 (WFD) Hal\u00adka\u00adra \u00fcm ar\u00adka\u00adly a\u0148\u00adlat\u00adma\u00adgy\u0148 di\u00adli (In\u00adter\u00adna\u00adtio\u00adnal Day of Sign Lan\u00adgua\u00adges) ba\u00adra\u00adda\u00adky ka\u00adbul eden ka\u00adra\u00adry bi\u00adlen d\u00f6\u00adre\u00addil\u00addi. \u00dcm ar\u00adka\u00adly a\u0148\u00adlat\u00adma\u00adgy\u0148 hal\u00adka\u00adra g\u00fc\u00adni e\u015fit\u00adm\u00e4\u00adge uky\u00adby bol\u00adma\u00addyk adam\u00adla\u00adry\u0148 we \u00fcm ar\u00adka\u00adly he\u00adre\u00adke\u00adti ulan\u00ad\u00fdan\u00adla\u00adry\u0148 dil [&hellip;]<\/p>\n","protected":false},"author":2,"featured_media":64508,"comment_status":"open","ping_status":"closed","sticky":false,"template":"","format":"standard","meta":{"footnotes":""},"categories":[301],"tags":[],"acf":[],"_links":{"self":[{"href":"https:\/\/zamanturkmenistan.com.tm\/index.php?rest_route=\/wp\/v2\/posts\/64507"}],"collection":[{"href":"https:\/\/zamanturkmenistan.com.tm\/index.php?rest_route=\/wp\/v2\/posts"}],"about":[{"href":"https:\/\/zamanturkmenistan.com.tm\/index.php?rest_route=\/wp\/v2\/types\/post"}],"author":[{"embeddable":true,"href":"https:\/\/zamanturkmenistan.com.tm\/index.php?rest_route=\/wp\/v2\/users\/2"}],"replies":[{"embeddable":true,"href":"https:\/\/zamanturkmenistan.com.tm\/index.php?rest_route=%2Fwp%2Fv2%2Fcomments&post=64507"}],"version-history":[{"count":1,"href":"https:\/\/zamanturkmenistan.com.tm\/index.php?rest_route=\/wp\/v2\/posts\/64507\/revisions"}],"predecessor-version":[{"id":64509,"href":"https:\/\/zamanturkmenistan.com.tm\/index.php?rest_route=\/wp\/v2\/posts\/64507\/revisions\/64509"}],"wp:featuredmedia":[{"embeddable":true,"href":"https:\/\/zamanturkmenistan.com.tm\/index.php?rest_route=\/wp\/v2\/media\/64508"}],"wp:attachment":[{"href":"https:\/\/zamanturkmenistan.com.tm\/index.php?rest_route=%2Fwp%2Fv2%2Fmedia&parent=64507"}],"wp:term":[{"taxonomy":"category","embeddable":true,"href":"https:\/\/zamanturkmenistan.com.tm\/index.php?rest_route=%2Fwp%2Fv2%2Fcategories&post=64507"},{"taxonomy":"post_tag","embeddable":true,"href":"https:\/\/zamanturkmenistan.com.tm\/index.php?rest_route=%2Fwp%2Fv2%2Ftags&post=64507"}],"curies":[{"name":"wp","href":"https:\/\/api.w.org\/{rel}","templated":true}]}}