{"id":64645,"date":"2022-09-27T07:24:30","date_gmt":"2022-09-27T02:24:30","guid":{"rendered":"https:\/\/zamanturkmenistan.com.tm\/?p=64645"},"modified":"2022-09-27T07:24:30","modified_gmt":"2022-09-27T02:24:30","slug":"turkmenistanyn-dim-nde-montana-statynyn-general-adyutanty-bilen-harby-meseleler-boyunca-dususyk-gecirildi","status":"publish","type":"post","link":"https:\/\/zamanturkmenistan.com.tm\/?p=64645","title":{"rendered":"T\u00fcrkmenistany\u0148 DIM-nde Montana \u015ftatyny\u0148 General ad\u00fdutanty bilen harby meseleler bo\u00fdun\u00e7a du\u015fu\u015fyk ge\u00e7irildi"},"content":{"rendered":"\n<p>25-nji sent\u00fdabrda T\u00fcrkmenistany\u0148 DIM-nde T\u00fcrkmenistany\u0148 Da\u015fary i\u015fler ministri R.Meredow bilen Montana \u015ftatyny\u0148 General ma\u00fdory, General ad\u00fdutanty, Montana \u015ftatyny\u0148 Milli gwardi\u00fdasyny\u0148 Ba\u015f serkerdesi we Montana \u015ftatyny\u0148 D\u00f6wlet departamentini\u0148 Harby meseleler bo\u00fdun\u00e7a m\u00fcdiri Jon P. Hronek bilen du\u015fu\u015fyk ge\u00e7irildi. Bu barada T\u00fcrkmenistany\u0148 DIM-ni\u0148 resmi web-sa\u00fdtynda habar beril\u00fd\u00e4r.<\/p>\n\n\n\n<p>Taraplar AB\u015e-ny\u0148 Merkezi serkerdeligi, AB\u015e-ny\u0148 Milli gwardi\u00fda b\u00fdurosy bilen T\u00fcrkmenistany\u0148 Goranmak ministrligini\u0148 arasynda Hyzmatda\u015flyk maksatnamasyny\u0148 ga\u00fdtadan t\u00e4zelenmegini ara alyp maslahatla\u015fdylar. Bu maksatnamany\u0148 netijesinde Newada \u015ftatyny\u0148 Milli gwardi\u00fdasy tarapyndan \u00fderine \u00fdetirilen birn\u00e4\u00e7e \u00f6nd\u00fcrijilikli aly\u015f-\u00e7aly\u015flar, okuwlar durmu\u015fa ge\u00e7irildi.<\/p>\n\n\n\n<p>\u015ee\u00fdle hem taraplar tebigy betbagt\u00e7ylyklary\u0148 we adatdan da\u015fary \u00fdagda\u00fdlary\u0148 netijelerine gar\u015fy g\u00f6re\u015fmek hem-de \u00fdok etmek, kiber goragy we kiber howpsuzlyk, in\u017eener\u00e7ilik we gurlu\u015fyk i\u015fler we \u015f.m ugurlar bo\u00fdun\u00e7a iki \u00fdurdu\u0148 arasyndaky harby edaralary\u0148 hyzmatda\u015flygyny ara alyp maslahatla\u015fdylar. Her \u00fdyl hyzmatda\u015flyk maksatnamasyny\u0148 \u00e7\u00e4klerinde A\u015fgabatda we T\u00fcrkmenistany\u0148 da\u015fynda hem amerikan we t\u00fcrkmen h\u00fcn\u00e4rmenlerini\u0148 gatna\u015fmagynda birn\u00e4\u00e7e \u00e7\u00e4reler we okuwlar ge\u00e7iril\u00fd\u00e4r.<\/p>\n\n\n\n<p>Du\u015fu\u015fygy\u0148 ahyrynda taraplar T\u00fcrkmenistany\u0148 Konstitusi\u00fdasyny\u0148 kadalaryna, \u201cT\u00fcrkmenistany\u0148 hemi\u015felik Bitaraplygy hakynda\u201d Konstitusion kanunyna we \u00fdurdu\u0148 harby doktrinasyna la\u00fdyklykda T\u00fcrkmenistany\u0148 AB\u015e bilen harby hyzmatda\u015flygyny mundan be\u00fdl\u00e4k-de \u00f6sd\u00fcrm\u00e4ge we berkitm\u00e4ge ta\u00fd\u00fdardyklaryny m\u00e4lim etdiler.<\/p>\n","protected":false},"excerpt":{"rendered":"<p>25-nji sent\u00fdabrda T\u00fcrkmenistany\u0148 DIM-nde T\u00fcrkmenistany\u0148 Da\u015fary i\u015fler ministri R.Meredow bilen Montana \u015ftatyny\u0148 General ma\u00fdory, General ad\u00fdutanty, Montana \u015ftatyny\u0148 Milli gwardi\u00fdasyny\u0148 Ba\u015f serkerdesi we Montana \u015ftatyny\u0148 D\u00f6wlet departamentini\u0148 Harby meseleler bo\u00fdun\u00e7a m\u00fcdiri Jon P. Hronek bilen du\u015fu\u015fyk ge\u00e7irildi. Bu barada T\u00fcrkmenistany\u0148 DIM-ni\u0148 resmi web-sa\u00fdtynda habar beril\u00fd\u00e4r. Taraplar AB\u015e-ny\u0148 Merkezi serkerdeligi, AB\u015e-ny\u0148 Milli gwardi\u00fda b\u00fdurosy bilen T\u00fcrkmenistany\u0148 [&hellip;]<\/p>\n","protected":false},"author":2,"featured_media":64646,"comment_status":"open","ping_status":"closed","sticky":false,"template":"","format":"standard","meta":{"footnotes":""},"categories":[3],"tags":[],"acf":[],"_links":{"self":[{"href":"https:\/\/zamanturkmenistan.com.tm\/index.php?rest_route=\/wp\/v2\/posts\/64645"}],"collection":[{"href":"https:\/\/zamanturkmenistan.com.tm\/index.php?rest_route=\/wp\/v2\/posts"}],"about":[{"href":"https:\/\/zamanturkmenistan.com.tm\/index.php?rest_route=\/wp\/v2\/types\/post"}],"author":[{"embeddable":true,"href":"https:\/\/zamanturkmenistan.com.tm\/index.php?rest_route=\/wp\/v2\/users\/2"}],"replies":[{"embeddable":true,"href":"https:\/\/zamanturkmenistan.com.tm\/index.php?rest_route=%2Fwp%2Fv2%2Fcomments&post=64645"}],"version-history":[{"count":1,"href":"https:\/\/zamanturkmenistan.com.tm\/index.php?rest_route=\/wp\/v2\/posts\/64645\/revisions"}],"predecessor-version":[{"id":64647,"href":"https:\/\/zamanturkmenistan.com.tm\/index.php?rest_route=\/wp\/v2\/posts\/64645\/revisions\/64647"}],"wp:featuredmedia":[{"embeddable":true,"href":"https:\/\/zamanturkmenistan.com.tm\/index.php?rest_route=\/wp\/v2\/media\/64646"}],"wp:attachment":[{"href":"https:\/\/zamanturkmenistan.com.tm\/index.php?rest_route=%2Fwp%2Fv2%2Fmedia&parent=64645"}],"wp:term":[{"taxonomy":"category","embeddable":true,"href":"https:\/\/zamanturkmenistan.com.tm\/index.php?rest_route=%2Fwp%2Fv2%2Fcategories&post=64645"},{"taxonomy":"post_tag","embeddable":true,"href":"https:\/\/zamanturkmenistan.com.tm\/index.php?rest_route=%2Fwp%2Fv2%2Ftags&post=64645"}],"curies":[{"name":"wp","href":"https:\/\/api.w.org\/{rel}","templated":true}]}}