{"id":64652,"date":"2022-09-27T13:55:47","date_gmt":"2022-09-27T08:55:47","guid":{"rendered":"https:\/\/zamanturkmenistan.com.tm\/?p=64652"},"modified":"2022-09-27T13:55:48","modified_gmt":"2022-09-27T08:55:48","slug":"garassyzlyk-binasyna-gul-goymak-dabarasy-gecirildi","status":"publish","type":"post","link":"https:\/\/zamanturkmenistan.com.tm\/?p=64652","title":{"rendered":"Gara\u015fsyzlyk binasyna g\u00fcl go\u00fdmak dabarasy ge\u00e7irildi"},"content":{"rendered":"\n<p>\u015eu g\u00fcn \u2013 27-nji sent\u00fdabrda T\u00fcrkmenistany\u0148 ba\u015f ba\u00fdramy bolan Gara\u015fsyzlyk g\u00fcni gi\u0148den bellenil\u00fd\u00e4r. \u015eu mynasybetli irden hormatly Prezidentimiz Gara\u015fsyzlyk binasyna g\u00fcl go\u00fdmak dabarasyna gatna\u015fdy.<\/p>\n\n\n\n<p>T\u00fcrkmenistany\u0148 D\u00f6wlet senasy \u00fda\u0148lanandan so\u0148ra, hormatly Prezidentimiz dabaraly \u00fdagda\u00fdda binany\u0148 etegine aja\u00fdyp g\u00fcl \u00e7emenini go\u00fddy.&nbsp; So\u0148ra H\u00f6k\u00fcmet agzalary, Milli Ge\u0148e\u015fi\u0148 Mejlisini\u0148 Ba\u015flygy, Halk Maslahatyny\u0148 Ba\u015flygyny\u0148 orunbasary, harby we hukuk gora\u00fdjy edaralary\u0148, ministrlikleri\u0148, pudakla\u00fdyn dolandyry\u015f edaralaryny\u0148, jemgy\u00fdet\u00e7ilik guramalaryny\u0148 \u00fdolba\u015f\u00e7ylary, wela\u00fdatlary\u0148 we A\u015fgabat \u015f\u00e4herini\u0148 h\u00e4kimleri, \u00fdurdumyzda i\u015fle\u00fd\u00e4n diplomatik wekilhanalary\u0148 \u00fdolba\u015f\u00e7ylarydyr da\u015fary \u00fdurtly myhmanlar, talyp \u00fda\u015flar, pa\u00fdtagtymyzy\u0148 \u00fda\u015fa\u00fdjylary g\u00fcl go\u00fdmak dabarasyny dowam etdirdiler.<\/p>\n","protected":false},"excerpt":{"rendered":"<p>\u015eu g\u00fcn \u2013 27-nji sent\u00fdabrda T\u00fcrkmenistany\u0148 ba\u015f ba\u00fdramy bolan Gara\u015fsyzlyk g\u00fcni gi\u0148den bellenil\u00fd\u00e4r. \u015eu mynasybetli irden hormatly Prezidentimiz Gara\u015fsyzlyk binasyna g\u00fcl go\u00fdmak dabarasyna gatna\u015fdy. T\u00fcrkmenistany\u0148 D\u00f6wlet senasy \u00fda\u0148lanandan so\u0148ra, hormatly Prezidentimiz dabaraly \u00fdagda\u00fdda binany\u0148 etegine aja\u00fdyp g\u00fcl \u00e7emenini go\u00fddy.&nbsp; So\u0148ra H\u00f6k\u00fcmet agzalary, Milli Ge\u0148e\u015fi\u0148 Mejlisini\u0148 Ba\u015flygy, Halk Maslahatyny\u0148 Ba\u015flygyny\u0148 orunbasary, harby we hukuk gora\u00fdjy edaralary\u0148, [&hellip;]<\/p>\n","protected":false},"author":2,"featured_media":64653,"comment_status":"open","ping_status":"closed","sticky":false,"template":"","format":"standard","meta":{"footnotes":""},"categories":[3],"tags":[],"acf":[],"_links":{"self":[{"href":"https:\/\/zamanturkmenistan.com.tm\/index.php?rest_route=\/wp\/v2\/posts\/64652"}],"collection":[{"href":"https:\/\/zamanturkmenistan.com.tm\/index.php?rest_route=\/wp\/v2\/posts"}],"about":[{"href":"https:\/\/zamanturkmenistan.com.tm\/index.php?rest_route=\/wp\/v2\/types\/post"}],"author":[{"embeddable":true,"href":"https:\/\/zamanturkmenistan.com.tm\/index.php?rest_route=\/wp\/v2\/users\/2"}],"replies":[{"embeddable":true,"href":"https:\/\/zamanturkmenistan.com.tm\/index.php?rest_route=%2Fwp%2Fv2%2Fcomments&post=64652"}],"version-history":[{"count":1,"href":"https:\/\/zamanturkmenistan.com.tm\/index.php?rest_route=\/wp\/v2\/posts\/64652\/revisions"}],"predecessor-version":[{"id":64654,"href":"https:\/\/zamanturkmenistan.com.tm\/index.php?rest_route=\/wp\/v2\/posts\/64652\/revisions\/64654"}],"wp:featuredmedia":[{"embeddable":true,"href":"https:\/\/zamanturkmenistan.com.tm\/index.php?rest_route=\/wp\/v2\/media\/64653"}],"wp:attachment":[{"href":"https:\/\/zamanturkmenistan.com.tm\/index.php?rest_route=%2Fwp%2Fv2%2Fmedia&parent=64652"}],"wp:term":[{"taxonomy":"category","embeddable":true,"href":"https:\/\/zamanturkmenistan.com.tm\/index.php?rest_route=%2Fwp%2Fv2%2Fcategories&post=64652"},{"taxonomy":"post_tag","embeddable":true,"href":"https:\/\/zamanturkmenistan.com.tm\/index.php?rest_route=%2Fwp%2Fv2%2Ftags&post=64652"}],"curies":[{"name":"wp","href":"https:\/\/api.w.org\/{rel}","templated":true}]}}