{"id":64655,"date":"2022-09-27T14:50:11","date_gmt":"2022-09-27T09:50:11","guid":{"rendered":"https:\/\/zamanturkmenistan.com.tm\/?p=64655"},"modified":"2022-09-27T14:50:12","modified_gmt":"2022-09-27T09:50:12","slug":"garassyzlygyn-31-yyllygy-mynasybetli-dabaraly-yoris-gecirildi","status":"publish","type":"post","link":"https:\/\/zamanturkmenistan.com.tm\/?p=64655","title":{"rendered":"Gara\u015fsyzlygy\u0148 31 \u00fdyllygy mynasybetli dabaraly \u00fd\u00f6ri\u015f ge\u00e7irildi"},"content":{"rendered":"\n<p>\u015eu g\u00fcn \u2013 27-nji sent\u00fdabrda pa\u00fdtagtymyzdaky D\u00f6wlet m\u00fcnberi toplumynda mukaddes Gara\u015fsyzlygymyzy\u0148 31 \u00fdyllygy mynasybetli dabaraly \u00fd\u00f6ri\u015f ge\u00e7irildi. O\u0148a hormatly Prezidentimiz Serdar Berdimuhamedow gatna\u015fdy.<\/p>\n\n\n\n<p>M\u00fcnberde H\u00f6k\u00fcmet agzalary, Milli Ge\u0148e\u015fi\u0148 Mejlisini\u0148 Ba\u015flygy, Halk Maslahatyny\u0148 Ba\u015flygyny\u0148 orunbasary, harby we hukuk gora\u00fdjy edaralary\u0148, ministrlikleri\u0148, pudakla\u00fdyn dolandyry\u015f edaralaryny\u0148, jemgy\u00fdet\u00e7ilik guramalaryny\u0148 \u00fdolba\u015f\u00e7ylary, wela\u00fdatlary\u0148 we A\u015fgabat \u015f\u00e4herini\u0148 h\u00e4kimleri, \u00fdurdumyzda i\u015fle\u00fd\u00e4n diplomatik wekilhanalary\u0148 \u00fdolba\u015f\u00e7ylary, da\u015fary \u00fdurtly myhmanlar \u00fdygnandylar.<\/p>\n\n\n\n<figure class=\"wp-block-image size-full\"><img decoding=\"async\" loading=\"lazy\" width=\"1000\" height=\"565\" src=\"https:\/\/zamanturkmenistan.com.tm\/wp-content\/uploads\/2022\/09\/31-yyllyk-paratr-5X2A7093.jpg\" alt=\"\" class=\"wp-image-64657\" srcset=\"https:\/\/zamanturkmenistan.com.tm\/wp-content\/uploads\/2022\/09\/31-yyllyk-paratr-5X2A7093.jpg 1000w, https:\/\/zamanturkmenistan.com.tm\/wp-content\/uploads\/2022\/09\/31-yyllyk-paratr-5X2A7093-300x170.jpg 300w, https:\/\/zamanturkmenistan.com.tm\/wp-content\/uploads\/2022\/09\/31-yyllyk-paratr-5X2A7093-768x434.jpg 768w, https:\/\/zamanturkmenistan.com.tm\/wp-content\/uploads\/2022\/09\/31-yyllyk-paratr-5X2A7093-696x393.jpg 696w, https:\/\/zamanturkmenistan.com.tm\/wp-content\/uploads\/2022\/09\/31-yyllyk-paratr-5X2A7093-743x420.jpg 743w\" sizes=\"(max-width: 1000px) 100vw, 1000px\" \/><\/figure>\n\n\n\n<p>\u015eanly sene mynasybetli \u00fdurdumyzy\u0148 gorany\u015f kuwwatyny\u0148 \u00fd\u00f6ri\u015fe doly ta\u00fd\u00fdarlygy hakyndaky hasabatdan so\u0148ra, T\u00fcrkmenistany\u0148 Prezidenti, \u00fdurdumyzy\u0148 \u00ddaragly G\u00fc\u00fd\u00e7lerini\u0148 Belent Serkerdeba\u015fysy Serdar Berdimuhamedow harby \u00fd\u00f6ri\u015fe ba\u015flamaga rugsat berdi. D\u00e4p bol\u015fy \u00fdaly, \u00fd\u00f6ri\u015fi\u0148 dowamynda \u00fdurdumyzy\u0148 gorany\u015f kuwwatyny \u00fcpj\u00fcn etm\u00e4ge ni\u00fdetlenen h\u00e4zirki zaman \u00fder\u00fcsti, howa u\u00e7ar tehnikalary we \u00fdaraglar g\u00f6rkezildi. Harby d\u00fcz\u00fcmleri\u0148 esgerleri bolsa \u00f6z ukyp-ba\u015farnyklaryny, nyzam emellerini \u00fderine \u00fdetirmekde \u00fdokary ussatlygyny g\u00f6rkezdiler.<\/p>\n\n\n\n<figure class=\"wp-block-image size-full\"><img decoding=\"async\" loading=\"lazy\" width=\"1000\" height=\"581\" src=\"https:\/\/zamanturkmenistan.com.tm\/wp-content\/uploads\/2022\/09\/parat-31-yyllyk-garashsyzlyk-5X2A7103.jpg\" alt=\"\" class=\"wp-image-64658\" srcset=\"https:\/\/zamanturkmenistan.com.tm\/wp-content\/uploads\/2022\/09\/parat-31-yyllyk-garashsyzlyk-5X2A7103.jpg 1000w, https:\/\/zamanturkmenistan.com.tm\/wp-content\/uploads\/2022\/09\/parat-31-yyllyk-garashsyzlyk-5X2A7103-300x174.jpg 300w, https:\/\/zamanturkmenistan.com.tm\/wp-content\/uploads\/2022\/09\/parat-31-yyllyk-garashsyzlyk-5X2A7103-768x446.jpg 768w, https:\/\/zamanturkmenistan.com.tm\/wp-content\/uploads\/2022\/09\/parat-31-yyllyk-garashsyzlyk-5X2A7103-696x404.jpg 696w, https:\/\/zamanturkmenistan.com.tm\/wp-content\/uploads\/2022\/09\/parat-31-yyllyk-garashsyzlyk-5X2A7103-723x420.jpg 723w\" sizes=\"(max-width: 1000px) 100vw, 1000px\" \/><\/figure>\n\n\n\n<p>\u00ddaragly G\u00fc\u00fd\u00e7lerimizi\u0148 kuwwatyny\u0148 harby g\u00f6zden ge\u00e7irili\u015finden so\u0148ra, me\u00fddan\u00e7ada \u00fdurdumyzy\u0148 halk hojalyk toplumyny\u0148 d\u00fcrli pudaklaryny\u0148 \u00fdeten sepgitlerini we gazanan \u00fcst\u00fcnliklerini a\u00e7yp g\u00f6rkez\u00fd\u00e4n awtoulaglary\u0148 toparlary pe\u00fdda boldy. M\u00fcnberden \u00fda\u0148lanan waspnamalar aja\u00fdyp \u00f6w\u00fc\u015fginli dabaraly \u00fd\u00f6ri\u015f bilen utga\u015fdy. \u00ddurdumyzy\u0148 ba\u015f me\u00fddan\u00e7asyndaky to\u00fd dabaralary watan\u00e7ylyk mazmunly a\u00fddym-sazly tans \u00e7yky\u015fy bilen tamamlandy.<\/p>\n\n\n\n<figure class=\"wp-block-image size-full\"><img decoding=\"async\" loading=\"lazy\" width=\"1000\" height=\"629\" src=\"https:\/\/zamanturkmenistan.com.tm\/wp-content\/uploads\/2022\/09\/harby-yorish-31-yyllyk-5X2A7357.jpg\" alt=\"\" class=\"wp-image-64659\" srcset=\"https:\/\/zamanturkmenistan.com.tm\/wp-content\/uploads\/2022\/09\/harby-yorish-31-yyllyk-5X2A7357.jpg 1000w, https:\/\/zamanturkmenistan.com.tm\/wp-content\/uploads\/2022\/09\/harby-yorish-31-yyllyk-5X2A7357-300x189.jpg 300w, https:\/\/zamanturkmenistan.com.tm\/wp-content\/uploads\/2022\/09\/harby-yorish-31-yyllyk-5X2A7357-768x483.jpg 768w, https:\/\/zamanturkmenistan.com.tm\/wp-content\/uploads\/2022\/09\/harby-yorish-31-yyllyk-5X2A7357-696x438.jpg 696w, https:\/\/zamanturkmenistan.com.tm\/wp-content\/uploads\/2022\/09\/harby-yorish-31-yyllyk-5X2A7357-668x420.jpg 668w\" sizes=\"(max-width: 1000px) 100vw, 1000px\" \/><\/figure>\n\n\n\n<p><strong><em>Dabaraly \u00fd\u00f6ri\u015fden pursatlar<\/em><\/strong><\/p>\n\n\n\n<figure class=\"wp-block-image size-full\"><img decoding=\"async\" loading=\"lazy\" width=\"1000\" height=\"633\" src=\"https:\/\/zamanturkmenistan.com.tm\/wp-content\/uploads\/2022\/09\/garashsyzlyk-parat-31-yyllyk-5X2A7108.jpg\" alt=\"\" class=\"wp-image-64660\" srcset=\"https:\/\/zamanturkmenistan.com.tm\/wp-content\/uploads\/2022\/09\/garashsyzlyk-parat-31-yyllyk-5X2A7108.jpg 1000w, https:\/\/zamanturkmenistan.com.tm\/wp-content\/uploads\/2022\/09\/garashsyzlyk-parat-31-yyllyk-5X2A7108-300x190.jpg 300w, https:\/\/zamanturkmenistan.com.tm\/wp-content\/uploads\/2022\/09\/garashsyzlyk-parat-31-yyllyk-5X2A7108-768x486.jpg 768w, https:\/\/zamanturkmenistan.com.tm\/wp-content\/uploads\/2022\/09\/garashsyzlyk-parat-31-yyllyk-5X2A7108-696x441.jpg 696w, https:\/\/zamanturkmenistan.com.tm\/wp-content\/uploads\/2022\/09\/garashsyzlyk-parat-31-yyllyk-5X2A7108-664x420.jpg 664w\" sizes=\"(max-width: 1000px) 100vw, 1000px\" \/><\/figure>\n\n\n\n<figure class=\"wp-block-image size-full\"><img decoding=\"async\" loading=\"lazy\" width=\"1000\" height=\"486\" src=\"https:\/\/zamanturkmenistan.com.tm\/wp-content\/uploads\/2022\/09\/parat-garashsyzlyk-31-yyllyk-5X2A7112.jpg\" alt=\"\" class=\"wp-image-64661\" srcset=\"https:\/\/zamanturkmenistan.com.tm\/wp-content\/uploads\/2022\/09\/parat-garashsyzlyk-31-yyllyk-5X2A7112.jpg 1000w, https:\/\/zamanturkmenistan.com.tm\/wp-content\/uploads\/2022\/09\/parat-garashsyzlyk-31-yyllyk-5X2A7112-300x146.jpg 300w, https:\/\/zamanturkmenistan.com.tm\/wp-content\/uploads\/2022\/09\/parat-garashsyzlyk-31-yyllyk-5X2A7112-768x373.jpg 768w, https:\/\/zamanturkmenistan.com.tm\/wp-content\/uploads\/2022\/09\/parat-garashsyzlyk-31-yyllyk-5X2A7112-696x338.jpg 696w, https:\/\/zamanturkmenistan.com.tm\/wp-content\/uploads\/2022\/09\/parat-garashsyzlyk-31-yyllyk-5X2A7112-864x420.jpg 864w\" sizes=\"(max-width: 1000px) 100vw, 1000px\" \/><\/figure>\n\n\n\n<figure class=\"wp-block-image size-large\"><img decoding=\"async\" loading=\"lazy\" width=\"1024\" height=\"621\" src=\"https:\/\/zamanturkmenistan.com.tm\/wp-content\/uploads\/2022\/09\/bayraktar-tb2-drone-turkmenistan-31-year-independens-day-image-source-zaman-turkmenistan-newspaper-1024x621.jpg\" alt=\"\" class=\"wp-image-64662\" srcset=\"https:\/\/zamanturkmenistan.com.tm\/wp-content\/uploads\/2022\/09\/bayraktar-tb2-drone-turkmenistan-31-year-independens-day-image-source-zaman-turkmenistan-newspaper-1024x621.jpg 1024w, https:\/\/zamanturkmenistan.com.tm\/wp-content\/uploads\/2022\/09\/bayraktar-tb2-drone-turkmenistan-31-year-independens-day-image-source-zaman-turkmenistan-newspaper-300x182.jpg 300w, https:\/\/zamanturkmenistan.com.tm\/wp-content\/uploads\/2022\/09\/bayraktar-tb2-drone-turkmenistan-31-year-independens-day-image-source-zaman-turkmenistan-newspaper-768x466.jpg 768w, https:\/\/zamanturkmenistan.com.tm\/wp-content\/uploads\/2022\/09\/bayraktar-tb2-drone-turkmenistan-31-year-independens-day-image-source-zaman-turkmenistan-newspaper-696x422.jpg 696w, https:\/\/zamanturkmenistan.com.tm\/wp-content\/uploads\/2022\/09\/bayraktar-tb2-drone-turkmenistan-31-year-independens-day-image-source-zaman-turkmenistan-newspaper-1068x648.jpg 1068w, https:\/\/zamanturkmenistan.com.tm\/wp-content\/uploads\/2022\/09\/bayraktar-tb2-drone-turkmenistan-31-year-independens-day-image-source-zaman-turkmenistan-newspaper-692x420.jpg 692w, https:\/\/zamanturkmenistan.com.tm\/wp-content\/uploads\/2022\/09\/bayraktar-tb2-drone-turkmenistan-31-year-independens-day-image-source-zaman-turkmenistan-newspaper.jpg 1500w\" sizes=\"(max-width: 1024px) 100vw, 1024px\" \/><\/figure>\n\n\n\n<figure class=\"wp-block-image size-large\"><img decoding=\"async\" loading=\"lazy\" width=\"1024\" height=\"498\" src=\"https:\/\/zamanturkmenistan.com.tm\/wp-content\/uploads\/2022\/09\/garashsyzlyk-31-yyllyk-parad-harby-yoris-5X2A7157-1024x498.jpg\" alt=\"\" class=\"wp-image-64663\" srcset=\"https:\/\/zamanturkmenistan.com.tm\/wp-content\/uploads\/2022\/09\/garashsyzlyk-31-yyllyk-parad-harby-yoris-5X2A7157-1024x498.jpg 1024w, https:\/\/zamanturkmenistan.com.tm\/wp-content\/uploads\/2022\/09\/garashsyzlyk-31-yyllyk-parad-harby-yoris-5X2A7157-300x146.jpg 300w, https:\/\/zamanturkmenistan.com.tm\/wp-content\/uploads\/2022\/09\/garashsyzlyk-31-yyllyk-parad-harby-yoris-5X2A7157-768x374.jpg 768w, https:\/\/zamanturkmenistan.com.tm\/wp-content\/uploads\/2022\/09\/garashsyzlyk-31-yyllyk-parad-harby-yoris-5X2A7157-696x339.jpg 696w, https:\/\/zamanturkmenistan.com.tm\/wp-content\/uploads\/2022\/09\/garashsyzlyk-31-yyllyk-parad-harby-yoris-5X2A7157-1068x520.jpg 1068w, https:\/\/zamanturkmenistan.com.tm\/wp-content\/uploads\/2022\/09\/garashsyzlyk-31-yyllyk-parad-harby-yoris-5X2A7157-863x420.jpg 863w, https:\/\/zamanturkmenistan.com.tm\/wp-content\/uploads\/2022\/09\/garashsyzlyk-31-yyllyk-parad-harby-yoris-5X2A7157.jpg 1500w\" sizes=\"(max-width: 1024px) 100vw, 1024px\" \/><\/figure>\n\n\n\n<figure class=\"wp-block-image size-large\"><img decoding=\"async\" loading=\"lazy\" width=\"1024\" height=\"636\" src=\"https:\/\/zamanturkmenistan.com.tm\/wp-content\/uploads\/2022\/09\/garashsyzlyk-parat-31-yyllyk-5X2A7160-1024x636.jpg\" alt=\"\" class=\"wp-image-64664\" srcset=\"https:\/\/zamanturkmenistan.com.tm\/wp-content\/uploads\/2022\/09\/garashsyzlyk-parat-31-yyllyk-5X2A7160-1024x636.jpg 1024w, https:\/\/zamanturkmenistan.com.tm\/wp-content\/uploads\/2022\/09\/garashsyzlyk-parat-31-yyllyk-5X2A7160-300x186.jpg 300w, https:\/\/zamanturkmenistan.com.tm\/wp-content\/uploads\/2022\/09\/garashsyzlyk-parat-31-yyllyk-5X2A7160-768x477.jpg 768w, https:\/\/zamanturkmenistan.com.tm\/wp-content\/uploads\/2022\/09\/garashsyzlyk-parat-31-yyllyk-5X2A7160-356x220.jpg 356w, https:\/\/zamanturkmenistan.com.tm\/wp-content\/uploads\/2022\/09\/garashsyzlyk-parat-31-yyllyk-5X2A7160-696x432.jpg 696w, https:\/\/zamanturkmenistan.com.tm\/wp-content\/uploads\/2022\/09\/garashsyzlyk-parat-31-yyllyk-5X2A7160-1068x663.jpg 1068w, https:\/\/zamanturkmenistan.com.tm\/wp-content\/uploads\/2022\/09\/garashsyzlyk-parat-31-yyllyk-5X2A7160-677x420.jpg 677w, https:\/\/zamanturkmenistan.com.tm\/wp-content\/uploads\/2022\/09\/garashsyzlyk-parat-31-yyllyk-5X2A7160.jpg 1500w\" sizes=\"(max-width: 1024px) 100vw, 1024px\" \/><\/figure>\n\n\n\n<figure class=\"wp-block-image size-full\"><img decoding=\"async\" loading=\"lazy\" width=\"1000\" height=\"615\" src=\"https:\/\/zamanturkmenistan.com.tm\/wp-content\/uploads\/2022\/09\/garashsyzlyk-harbu-yorish-31-yyllyk-5X2A7176.jpg\" alt=\"\" class=\"wp-image-64665\" srcset=\"https:\/\/zamanturkmenistan.com.tm\/wp-content\/uploads\/2022\/09\/garashsyzlyk-harbu-yorish-31-yyllyk-5X2A7176.jpg 1000w, https:\/\/zamanturkmenistan.com.tm\/wp-content\/uploads\/2022\/09\/garashsyzlyk-harbu-yorish-31-yyllyk-5X2A7176-300x185.jpg 300w, https:\/\/zamanturkmenistan.com.tm\/wp-content\/uploads\/2022\/09\/garashsyzlyk-harbu-yorish-31-yyllyk-5X2A7176-768x472.jpg 768w, https:\/\/zamanturkmenistan.com.tm\/wp-content\/uploads\/2022\/09\/garashsyzlyk-harbu-yorish-31-yyllyk-5X2A7176-356x220.jpg 356w, https:\/\/zamanturkmenistan.com.tm\/wp-content\/uploads\/2022\/09\/garashsyzlyk-harbu-yorish-31-yyllyk-5X2A7176-696x428.jpg 696w, https:\/\/zamanturkmenistan.com.tm\/wp-content\/uploads\/2022\/09\/garashsyzlyk-harbu-yorish-31-yyllyk-5X2A7176-683x420.jpg 683w\" sizes=\"(max-width: 1000px) 100vw, 1000px\" \/><\/figure>\n\n\n\n<figure class=\"wp-block-image size-full\"><img decoding=\"async\" loading=\"lazy\" width=\"1000\" height=\"580\" src=\"https:\/\/zamanturkmenistan.com.tm\/wp-content\/uploads\/2022\/09\/garashzylyk-harby-yorish-31-yyllyk-5X2A7237.jpg\" alt=\"\" class=\"wp-image-64666\" srcset=\"https:\/\/zamanturkmenistan.com.tm\/wp-content\/uploads\/2022\/09\/garashzylyk-harby-yorish-31-yyllyk-5X2A7237.jpg 1000w, https:\/\/zamanturkmenistan.com.tm\/wp-content\/uploads\/2022\/09\/garashzylyk-harby-yorish-31-yyllyk-5X2A7237-300x174.jpg 300w, https:\/\/zamanturkmenistan.com.tm\/wp-content\/uploads\/2022\/09\/garashzylyk-harby-yorish-31-yyllyk-5X2A7237-768x445.jpg 768w, https:\/\/zamanturkmenistan.com.tm\/wp-content\/uploads\/2022\/09\/garashzylyk-harby-yorish-31-yyllyk-5X2A7237-696x404.jpg 696w, https:\/\/zamanturkmenistan.com.tm\/wp-content\/uploads\/2022\/09\/garashzylyk-harby-yorish-31-yyllyk-5X2A7237-724x420.jpg 724w\" sizes=\"(max-width: 1000px) 100vw, 1000px\" \/><\/figure>\n\n\n\n<figure class=\"wp-block-image size-full\"><img decoding=\"async\" loading=\"lazy\" width=\"1000\" height=\"419\" src=\"https:\/\/zamanturkmenistan.com.tm\/wp-content\/uploads\/2022\/09\/garashsyzlyk-harby-yorish-31-yyllyk-5X2A7244.jpg\" alt=\"\" class=\"wp-image-64667\" srcset=\"https:\/\/zamanturkmenistan.com.tm\/wp-content\/uploads\/2022\/09\/garashsyzlyk-harby-yorish-31-yyllyk-5X2A7244.jpg 1000w, https:\/\/zamanturkmenistan.com.tm\/wp-content\/uploads\/2022\/09\/garashsyzlyk-harby-yorish-31-yyllyk-5X2A7244-300x126.jpg 300w, https:\/\/zamanturkmenistan.com.tm\/wp-content\/uploads\/2022\/09\/garashsyzlyk-harby-yorish-31-yyllyk-5X2A7244-768x322.jpg 768w, https:\/\/zamanturkmenistan.com.tm\/wp-content\/uploads\/2022\/09\/garashsyzlyk-harby-yorish-31-yyllyk-5X2A7244-696x292.jpg 696w\" sizes=\"(max-width: 1000px) 100vw, 1000px\" \/><\/figure>\n\n\n\n<figure class=\"wp-block-image size-full\"><img decoding=\"async\" loading=\"lazy\" width=\"1000\" height=\"633\" src=\"https:\/\/zamanturkmenistan.com.tm\/wp-content\/uploads\/2022\/09\/31-garashsyzlyk-harby-yorish-5X2A7265.jpg\" alt=\"\" class=\"wp-image-64668\" srcset=\"https:\/\/zamanturkmenistan.com.tm\/wp-content\/uploads\/2022\/09\/31-garashsyzlyk-harby-yorish-5X2A7265.jpg 1000w, https:\/\/zamanturkmenistan.com.tm\/wp-content\/uploads\/2022\/09\/31-garashsyzlyk-harby-yorish-5X2A7265-300x190.jpg 300w, https:\/\/zamanturkmenistan.com.tm\/wp-content\/uploads\/2022\/09\/31-garashsyzlyk-harby-yorish-5X2A7265-768x486.jpg 768w, https:\/\/zamanturkmenistan.com.tm\/wp-content\/uploads\/2022\/09\/31-garashsyzlyk-harby-yorish-5X2A7265-696x441.jpg 696w, https:\/\/zamanturkmenistan.com.tm\/wp-content\/uploads\/2022\/09\/31-garashsyzlyk-harby-yorish-5X2A7265-664x420.jpg 664w\" sizes=\"(max-width: 1000px) 100vw, 1000px\" \/><\/figure>\n\n\n\n<figure class=\"wp-block-image size-full\"><img decoding=\"async\" loading=\"lazy\" width=\"1000\" height=\"601\" src=\"https:\/\/zamanturkmenistan.com.tm\/wp-content\/uploads\/2022\/09\/harby-parat-31-yyllyk-garashsyzlyk-5X2A7567.jpg\" alt=\"\" class=\"wp-image-64669\" srcset=\"https:\/\/zamanturkmenistan.com.tm\/wp-content\/uploads\/2022\/09\/harby-parat-31-yyllyk-garashsyzlyk-5X2A7567.jpg 1000w, https:\/\/zamanturkmenistan.com.tm\/wp-content\/uploads\/2022\/09\/harby-parat-31-yyllyk-garashsyzlyk-5X2A7567-300x180.jpg 300w, https:\/\/zamanturkmenistan.com.tm\/wp-content\/uploads\/2022\/09\/harby-parat-31-yyllyk-garashsyzlyk-5X2A7567-768x462.jpg 768w, https:\/\/zamanturkmenistan.com.tm\/wp-content\/uploads\/2022\/09\/harby-parat-31-yyllyk-garashsyzlyk-5X2A7567-696x418.jpg 696w, https:\/\/zamanturkmenistan.com.tm\/wp-content\/uploads\/2022\/09\/harby-parat-31-yyllyk-garashsyzlyk-5X2A7567-699x420.jpg 699w\" sizes=\"(max-width: 1000px) 100vw, 1000px\" \/><\/figure>\n\n\n\n<figure class=\"wp-block-image size-full\"><img decoding=\"async\" loading=\"lazy\" width=\"1000\" height=\"629\" src=\"https:\/\/zamanturkmenistan.com.tm\/wp-content\/uploads\/2022\/09\/31-yyllyk-5X2A7398.jpg\" alt=\"\" class=\"wp-image-64670\" srcset=\"https:\/\/zamanturkmenistan.com.tm\/wp-content\/uploads\/2022\/09\/31-yyllyk-5X2A7398.jpg 1000w, https:\/\/zamanturkmenistan.com.tm\/wp-content\/uploads\/2022\/09\/31-yyllyk-5X2A7398-300x189.jpg 300w, https:\/\/zamanturkmenistan.com.tm\/wp-content\/uploads\/2022\/09\/31-yyllyk-5X2A7398-768x483.jpg 768w, https:\/\/zamanturkmenistan.com.tm\/wp-content\/uploads\/2022\/09\/31-yyllyk-5X2A7398-696x438.jpg 696w, https:\/\/zamanturkmenistan.com.tm\/wp-content\/uploads\/2022\/09\/31-yyllyk-5X2A7398-668x420.jpg 668w\" sizes=\"(max-width: 1000px) 100vw, 1000px\" \/><\/figure>\n\n\n\n<figure class=\"wp-block-image size-full\"><img decoding=\"async\" loading=\"lazy\" width=\"1000\" height=\"587\" src=\"https:\/\/zamanturkmenistan.com.tm\/wp-content\/uploads\/2022\/09\/31-yyllyk-parat-5X2A7058.jpg\" alt=\"\" class=\"wp-image-64656\" srcset=\"https:\/\/zamanturkmenistan.com.tm\/wp-content\/uploads\/2022\/09\/31-yyllyk-parat-5X2A7058.jpg 1000w, https:\/\/zamanturkmenistan.com.tm\/wp-content\/uploads\/2022\/09\/31-yyllyk-parat-5X2A7058-300x176.jpg 300w, https:\/\/zamanturkmenistan.com.tm\/wp-content\/uploads\/2022\/09\/31-yyllyk-parat-5X2A7058-768x451.jpg 768w, https:\/\/zamanturkmenistan.com.tm\/wp-content\/uploads\/2022\/09\/31-yyllyk-parat-5X2A7058-696x409.jpg 696w, https:\/\/zamanturkmenistan.com.tm\/wp-content\/uploads\/2022\/09\/31-yyllyk-parat-5X2A7058-716x420.jpg 716w\" sizes=\"(max-width: 1000px) 100vw, 1000px\" \/><\/figure>\n\n\n\n<figure class=\"wp-block-image size-full\"><img decoding=\"async\" loading=\"lazy\" width=\"1000\" height=\"667\" src=\"https:\/\/zamanturkmenistan.com.tm\/wp-content\/uploads\/2022\/09\/31-yyllyk-5X2A7465.jpg\" alt=\"\" class=\"wp-image-64671\" srcset=\"https:\/\/zamanturkmenistan.com.tm\/wp-content\/uploads\/2022\/09\/31-yyllyk-5X2A7465.jpg 1000w, https:\/\/zamanturkmenistan.com.tm\/wp-content\/uploads\/2022\/09\/31-yyllyk-5X2A7465-300x200.jpg 300w, https:\/\/zamanturkmenistan.com.tm\/wp-content\/uploads\/2022\/09\/31-yyllyk-5X2A7465-768x512.jpg 768w, https:\/\/zamanturkmenistan.com.tm\/wp-content\/uploads\/2022\/09\/31-yyllyk-5X2A7465-696x464.jpg 696w, https:\/\/zamanturkmenistan.com.tm\/wp-content\/uploads\/2022\/09\/31-yyllyk-5X2A7465-630x420.jpg 630w\" sizes=\"(max-width: 1000px) 100vw, 1000px\" \/><\/figure>\n\n\n\n<figure class=\"wp-block-image size-full\"><img decoding=\"async\" loading=\"lazy\" width=\"1000\" height=\"667\" src=\"https:\/\/zamanturkmenistan.com.tm\/wp-content\/uploads\/2022\/09\/31-yyllyk-parat-5X2A7482.jpg\" alt=\"\" class=\"wp-image-64672\" srcset=\"https:\/\/zamanturkmenistan.com.tm\/wp-content\/uploads\/2022\/09\/31-yyllyk-parat-5X2A7482.jpg 1000w, https:\/\/zamanturkmenistan.com.tm\/wp-content\/uploads\/2022\/09\/31-yyllyk-parat-5X2A7482-300x200.jpg 300w, https:\/\/zamanturkmenistan.com.tm\/wp-content\/uploads\/2022\/09\/31-yyllyk-parat-5X2A7482-768x512.jpg 768w, https:\/\/zamanturkmenistan.com.tm\/wp-content\/uploads\/2022\/09\/31-yyllyk-parat-5X2A7482-696x464.jpg 696w, https:\/\/zamanturkmenistan.com.tm\/wp-content\/uploads\/2022\/09\/31-yyllyk-parat-5X2A7482-630x420.jpg 630w\" sizes=\"(max-width: 1000px) 100vw, 1000px\" \/><\/figure>\n\n\n\n<figure class=\"wp-block-image size-full\"><img decoding=\"async\" loading=\"lazy\" width=\"1000\" height=\"624\" src=\"https:\/\/zamanturkmenistan.com.tm\/wp-content\/uploads\/2022\/09\/31-yyllyk-harby-5X2A7499.jpg\" alt=\"\" class=\"wp-image-64673\" srcset=\"https:\/\/zamanturkmenistan.com.tm\/wp-content\/uploads\/2022\/09\/31-yyllyk-harby-5X2A7499.jpg 1000w, https:\/\/zamanturkmenistan.com.tm\/wp-content\/uploads\/2022\/09\/31-yyllyk-harby-5X2A7499-300x187.jpg 300w, https:\/\/zamanturkmenistan.com.tm\/wp-content\/uploads\/2022\/09\/31-yyllyk-harby-5X2A7499-768x479.jpg 768w, https:\/\/zamanturkmenistan.com.tm\/wp-content\/uploads\/2022\/09\/31-yyllyk-harby-5X2A7499-696x434.jpg 696w, https:\/\/zamanturkmenistan.com.tm\/wp-content\/uploads\/2022\/09\/31-yyllyk-harby-5X2A7499-673x420.jpg 673w\" sizes=\"(max-width: 1000px) 100vw, 1000px\" \/><\/figure>\n","protected":false},"excerpt":{"rendered":"<p>\u015eu g\u00fcn \u2013 27-nji sent\u00fdabrda pa\u00fdtagtymyzdaky D\u00f6wlet m\u00fcnberi toplumynda mukaddes Gara\u015fsyzlygymyzy\u0148 31 \u00fdyllygy mynasybetli dabaraly \u00fd\u00f6ri\u015f ge\u00e7irildi. O\u0148a hormatly Prezidentimiz Serdar Berdimuhamedow gatna\u015fdy. M\u00fcnberde H\u00f6k\u00fcmet agzalary, Milli Ge\u0148e\u015fi\u0148 Mejlisini\u0148 Ba\u015flygy, Halk Maslahatyny\u0148 Ba\u015flygyny\u0148 orunbasary, harby we hukuk gora\u00fdjy edaralary\u0148, ministrlikleri\u0148, pudakla\u00fdyn dolandyry\u015f edaralaryny\u0148, jemgy\u00fdet\u00e7ilik guramalaryny\u0148 \u00fdolba\u015f\u00e7ylary, wela\u00fdatlary\u0148 we A\u015fgabat \u015f\u00e4herini\u0148 h\u00e4kimleri, \u00fdurdumyzda i\u015fle\u00fd\u00e4n diplomatik wekilhanalary\u0148 [&hellip;]<\/p>\n","protected":false},"author":2,"featured_media":64675,"comment_status":"open","ping_status":"closed","sticky":false,"template":"","format":"standard","meta":{"footnotes":""},"categories":[3],"tags":[],"acf":[],"_links":{"self":[{"href":"https:\/\/zamanturkmenistan.com.tm\/index.php?rest_route=\/wp\/v2\/posts\/64655"}],"collection":[{"href":"https:\/\/zamanturkmenistan.com.tm\/index.php?rest_route=\/wp\/v2\/posts"}],"about":[{"href":"https:\/\/zamanturkmenistan.com.tm\/index.php?rest_route=\/wp\/v2\/types\/post"}],"author":[{"embeddable":true,"href":"https:\/\/zamanturkmenistan.com.tm\/index.php?rest_route=\/wp\/v2\/users\/2"}],"replies":[{"embeddable":true,"href":"https:\/\/zamanturkmenistan.com.tm\/index.php?rest_route=%2Fwp%2Fv2%2Fcomments&post=64655"}],"version-history":[{"count":1,"href":"https:\/\/zamanturkmenistan.com.tm\/index.php?rest_route=\/wp\/v2\/posts\/64655\/revisions"}],"predecessor-version":[{"id":64676,"href":"https:\/\/zamanturkmenistan.com.tm\/index.php?rest_route=\/wp\/v2\/posts\/64655\/revisions\/64676"}],"wp:featuredmedia":[{"embeddable":true,"href":"https:\/\/zamanturkmenistan.com.tm\/index.php?rest_route=\/wp\/v2\/media\/64675"}],"wp:attachment":[{"href":"https:\/\/zamanturkmenistan.com.tm\/index.php?rest_route=%2Fwp%2Fv2%2Fmedia&parent=64655"}],"wp:term":[{"taxonomy":"category","embeddable":true,"href":"https:\/\/zamanturkmenistan.com.tm\/index.php?rest_route=%2Fwp%2Fv2%2Fcategories&post=64655"},{"taxonomy":"post_tag","embeddable":true,"href":"https:\/\/zamanturkmenistan.com.tm\/index.php?rest_route=%2Fwp%2Fv2%2Ftags&post=64655"}],"curies":[{"name":"wp","href":"https:\/\/api.w.org\/{rel}","templated":true}]}}