{"id":64697,"date":"2022-09-27T09:34:00","date_gmt":"2022-09-27T04:34:00","guid":{"rendered":"https:\/\/zamanturkmenistan.com.tm\/?p=64697"},"modified":"2022-09-29T19:54:43","modified_gmt":"2022-09-29T14:54:43","slug":"sankt-peterburg-saherinin-gubernatory-dususyk-gecirildi","status":"publish","type":"post","link":"https:\/\/zamanturkmenistan.com.tm\/?p=64697","title":{"rendered":"Sankt-Peterburgy\u0148 gubernatory bilen du\u015fu\u015fyk ge\u00e7irildi"},"content":{"rendered":"\n<p>26-njy sent\u00fdabrda T\u00fcrkmenistany\u0148 Da\u015fary i\u015fler ministrliginde T\u00fcrkmenistany\u0148 Ministrler Kabinetini\u0148 Ba\u015flygyny\u0148 orunbasary, Da\u015fary i\u015fler ministri Ra\u015fid Meredow bilen Sankt-Peterburg \u015f\u00e4herini\u0148 Gubernatory Aleksandr Beglowy\u0148 arasynda du\u015fu\u015fyk ge\u00e7irildi.<\/p>\n\n\n\n<p>Du\u015fu\u015fygy\u0148 bar\u015fynda taraplar T\u00fcrkmenistany\u0148 Russi\u00fda Federasi\u00fdasyny\u0148 sebitleri bilen gatna\u015fyklaryny\u0148 hyzmatda\u015flygy\u0148 \u00e4hli ugurlary bo\u00fdun\u00e7a \u00f6sd\u00fcril\u00fd\u00e4ndigini nygtadylar. Hususan-da t\u00fcrkmen-rus gatna\u015fyklaryny\u0148 pugtalandyrylmagynda esasy ugur bolup dur\u00fdan yzygiderli ge\u00e7iril\u00fd\u00e4n \u00fdokary derejeli du\u015fu\u015fyklar barada bellenildi.<\/p>\n\n\n\n<p>Taraplar s\u00f6wda-ykdysady gatna\u015fyklary\u0148 \u00fdokary derejesi hem-de T\u00fcrkmenistany\u0148 \u00e7\u00e4gind\u00e4ki taslamalara rus kompani\u00fdalaryny\u0148 netijeli gatna\u015f\u00fdandyklary barada a\u00fddyp ge\u00e7diler. H\u00e4zirki dowam ed\u00fd\u00e4n we geljekki m\u00fcmkin bolan infrastruktura we \u00fdol gurlu\u015fygy taslamalaryna seredildi. G\u00e4mi gurlu\u015fygy, \u015f\u00e4her gurlu\u015fygy we senagat pudaklaryndaky hyzmatda\u015flyk ara alnyp maslahatla\u015fyldy. \u015ee\u00fdle hem energetika ulgamyndaky hyzmatda\u015flygy\u0148 m\u00fcmkin\u00e7iliklerine seredildi.<\/p>\n\n\n\n<p>Hususy d\u00fcz\u00fcmleri\u0148 gatna\u015fmagy arkaly, azyk harytlary, oba hojalygy, ulag gurlu\u015fygy, dokma senagaty we be\u00fdleki \u00f6n\u00fcmleri\u0148 \u00f6zara s\u00f6wdasyny\u0148 m\u00f6\u00e7berini artdyrmak \u00fc\u00e7in m\u00fcmkin\u00e7iliklere seretm\u00e4ge ta\u00fd\u00fdardyklary be\u00fdan edildi. \u015eu nukda\u00fdnazardan, taraplar A\u015fgabatda Sankt-Peterburgy\u0148 S\u00f6wda \u00f6\u00fd\u00fcni d\u00f6retmegi\u0148 m\u00fcmkin\u00e7iliklerini ara alyp maslahatla\u015fdylar.<\/p>\n\n\n\n<p>Bulardan ba\u015fga-da, bilim we medeni\u00fdet ulgamlaryndaky hyzmatda\u015flygy\u0148 meselelerine seredildi. Taraplar orta-h\u00fcn\u00e4r we \u00fdokary bilim ulgamyndaky hyzmatda\u015flygy i\u015fje\u0148le\u015fdirm\u00e4ge gyzyklanma bildirdiler. Du\u015fu\u015fygy\u0148 ahyrynda taraplar iki \u00fdurdu\u0148 ikitarapla\u00fdyn gatna\u015fyklara ygrarly gal\u00fdandyklaryny tassykladylar we \u00e4hli ugurlar bo\u00fdun\u00e7a \u00f6zara b\u00e4hbitli hyzmatda\u015flygy\u0148 dowam etdiriljekdigine ynam bildirdiler.<\/p>\n","protected":false},"excerpt":{"rendered":"<p>26-njy sent\u00fdabrda T\u00fcrkmenistany\u0148 Da\u015fary i\u015fler ministrliginde T\u00fcrkmenistany\u0148 Ministrler Kabinetini\u0148 Ba\u015flygyny\u0148 orunbasary, Da\u015fary i\u015fler ministri Ra\u015fid Meredow bilen Sankt-Peterburg \u015f\u00e4herini\u0148 Gubernatory Aleksandr Beglowy\u0148 arasynda du\u015fu\u015fyk ge\u00e7irildi. Du\u015fu\u015fygy\u0148 bar\u015fynda taraplar T\u00fcrkmenistany\u0148 Russi\u00fda Federasi\u00fdasyny\u0148 sebitleri bilen gatna\u015fyklaryny\u0148 hyzmatda\u015flygy\u0148 \u00e4hli ugurlary bo\u00fdun\u00e7a \u00f6sd\u00fcril\u00fd\u00e4ndigini nygtadylar. Hususan-da t\u00fcrkmen-rus gatna\u015fyklaryny\u0148 pugtalandyrylmagynda esasy ugur bolup dur\u00fdan yzygiderli ge\u00e7iril\u00fd\u00e4n \u00fdokary derejeli du\u015fu\u015fyklar barada bellenildi. [&hellip;]<\/p>\n","protected":false},"author":2,"featured_media":64698,"comment_status":"open","ping_status":"closed","sticky":false,"template":"","format":"standard","meta":{"footnotes":""},"categories":[3],"tags":[],"acf":[],"_links":{"self":[{"href":"https:\/\/zamanturkmenistan.com.tm\/index.php?rest_route=\/wp\/v2\/posts\/64697"}],"collection":[{"href":"https:\/\/zamanturkmenistan.com.tm\/index.php?rest_route=\/wp\/v2\/posts"}],"about":[{"href":"https:\/\/zamanturkmenistan.com.tm\/index.php?rest_route=\/wp\/v2\/types\/post"}],"author":[{"embeddable":true,"href":"https:\/\/zamanturkmenistan.com.tm\/index.php?rest_route=\/wp\/v2\/users\/2"}],"replies":[{"embeddable":true,"href":"https:\/\/zamanturkmenistan.com.tm\/index.php?rest_route=%2Fwp%2Fv2%2Fcomments&post=64697"}],"version-history":[{"count":3,"href":"https:\/\/zamanturkmenistan.com.tm\/index.php?rest_route=\/wp\/v2\/posts\/64697\/revisions"}],"predecessor-version":[{"id":64795,"href":"https:\/\/zamanturkmenistan.com.tm\/index.php?rest_route=\/wp\/v2\/posts\/64697\/revisions\/64795"}],"wp:featuredmedia":[{"embeddable":true,"href":"https:\/\/zamanturkmenistan.com.tm\/index.php?rest_route=\/wp\/v2\/media\/64698"}],"wp:attachment":[{"href":"https:\/\/zamanturkmenistan.com.tm\/index.php?rest_route=%2Fwp%2Fv2%2Fmedia&parent=64697"}],"wp:term":[{"taxonomy":"category","embeddable":true,"href":"https:\/\/zamanturkmenistan.com.tm\/index.php?rest_route=%2Fwp%2Fv2%2Fcategories&post=64697"},{"taxonomy":"post_tag","embeddable":true,"href":"https:\/\/zamanturkmenistan.com.tm\/index.php?rest_route=%2Fwp%2Fv2%2Ftags&post=64697"}],"curies":[{"name":"wp","href":"https:\/\/api.w.org\/{rel}","templated":true}]}}