{"id":64829,"date":"2022-09-30T09:28:35","date_gmt":"2022-09-30T04:28:35","guid":{"rendered":"https:\/\/zamanturkmenistan.com.tm\/?p=64829"},"modified":"2022-09-30T09:28:36","modified_gmt":"2022-09-30T04:28:36","slug":"kosmos-pudagyny-osduryar","status":"publish","type":"post","link":"https:\/\/zamanturkmenistan.com.tm\/?p=64829","title":{"rendered":"Kos\u00admos pu\u00adda\u00adgy\u00adny \u00f6s\u00add\u00fcr\u00ad\u00fd\u00e4r"},"content":{"rendered":"\n<p>Hy\u00adta\u00fd \u00dde\u00adri \u00f6w\u00adren\u00admek \u00fc\u00e7in pe\u00fd\u00adda\u00adla\u00adnyl\u00adjak \u00abYao\u00adgan-36\u00bb at\u00adly eme\u00adli hem\u00adra\u00adny u\u00e7ur\u00addy. \u015ee\u00fd\u00adle\u00adlik\u00adde, so\u0148\u00adky \u00fdyl\u00adlar\u00adda kos\u00admos pu\u00adda\u00adgyn\u00adda has k\u00f6p ma\u00ad\u00fda go\u00ad\u00fdum \u00f6z\u00adle\u015f\u00addir\u00ad\u00fd\u00e4n \u00fdurt \u015fu a\u00fdy\u0148 do\u00adwa\u00admyn\u00adda al\u00adtyn\u00adjy kos\u00admos u\u00e7u\u00ad\u015fy\u00adny ama\u00adla a\u015fyr\u00addy. \u00abYao\u00adgan-36\u00bb eme\u00adli hem\u00adra\u00adsy \u00abLong March 2D\u00bb g\u00f6\u00adte\u00adri\u00adji ra\u00adke\u00adta\u00adsy bi\u00adlen as\u00adman gi\u00ad\u0148i\u015f\u00adli\u00adgi\u00adne \u00e7y\u00adka\u00adryl\u00addy. Eme\u00adli hem\u00adra\u00adny\u0148 bel\u00adle\u00adnen or\u00adbi\u00adta \u00fder\u00adle\u00ad\u015fen\u00addi\u00adgi m\u00e4\u00adlim edil\u00addi. Bu u\u00e7u\u00ad\u015fy\u0148 \u00abLong March\u00bb ra\u00adke\u00adta\u00adsy ar\u00adka\u00adly ama\u00adla a\u015fy\u00adry\u00adlan 439-njy u\u00e7u\u015f\u00addy\u00adgy a\u00fd\u00addyl\u00addy. Hy\u00adta\u00fd mun\u00addan ozal sent\u00ad\u00fdabr a\u00fdy\u00adny\u0148 do\u00adwa\u00admyn\u00adda je\u00admi 5 u\u00e7u\u015f ama\u00adla a\u015fy\u00adryp, 7 eme\u00adli hem\u00adra\u00adny or\u00adbi\u00adta \u00e7y\u00adka\u00adryp\u00addy. H\u00e4\u00adzir\u00adki wagt\u00adda \u00fdurt \u00f6z\u00adba\u015f\u00addak kos\u00admos be\u00adke\u00addi\u00adni\u0148 gur\u00adlu\u00ad\u015fy\u00adgy\u00adny hem alyp bar\u00ad\u00fdar.<\/p>\n\n\n\n<p class=\"has-text-align-right\"><strong>Sel\u00adbi BA\u00adKA\u00ad\u00ddE\u00adWA,<br>\u00ddag\u00ad\u015fy\u00adgel\u00addi Ka\u00adka\u00ad\u00fdew adyn\u00adda\u00adky Hal\u00adka\u00adra ne\u00adbit we gaz uni\u00adwer\u00adsi\u00adte\u00adti\u00adni\u0148 ta\u00adly\u00adby.<\/strong><\/p>\n","protected":false},"excerpt":{"rendered":"<p>Hy\u00adta\u00fd \u00dde\u00adri \u00f6w\u00adren\u00admek \u00fc\u00e7in pe\u00fd\u00adda\u00adla\u00adnyl\u00adjak \u00abYao\u00adgan-36\u00bb at\u00adly eme\u00adli hem\u00adra\u00adny u\u00e7ur\u00addy. \u015ee\u00fd\u00adle\u00adlik\u00adde, so\u0148\u00adky \u00fdyl\u00adlar\u00adda kos\u00admos pu\u00adda\u00adgyn\u00adda has k\u00f6p ma\u00ad\u00fda go\u00ad\u00fdum \u00f6z\u00adle\u015f\u00addir\u00ad\u00fd\u00e4n \u00fdurt \u015fu a\u00fdy\u0148 do\u00adwa\u00admyn\u00adda al\u00adtyn\u00adjy kos\u00admos u\u00e7u\u00ad\u015fy\u00adny ama\u00adla a\u015fyr\u00addy. \u00abYao\u00adgan-36\u00bb eme\u00adli hem\u00adra\u00adsy \u00abLong March 2D\u00bb g\u00f6\u00adte\u00adri\u00adji ra\u00adke\u00adta\u00adsy bi\u00adlen as\u00adman gi\u00ad\u0148i\u015f\u00adli\u00adgi\u00adne \u00e7y\u00adka\u00adryl\u00addy. Eme\u00adli hem\u00adra\u00adny\u0148 bel\u00adle\u00adnen or\u00adbi\u00adta \u00fder\u00adle\u00ad\u015fen\u00addi\u00adgi m\u00e4\u00adlim edil\u00addi. Bu u\u00e7u\u00ad\u015fy\u0148 \u00abLong March\u00bb ra\u00adke\u00adta\u00adsy ar\u00adka\u00adly ama\u00adla [&hellip;]<\/p>\n","protected":false},"author":2,"featured_media":64830,"comment_status":"open","ping_status":"closed","sticky":false,"template":"","format":"status","meta":{"footnotes":""},"categories":[8],"tags":[],"acf":[],"_links":{"self":[{"href":"https:\/\/zamanturkmenistan.com.tm\/index.php?rest_route=\/wp\/v2\/posts\/64829"}],"collection":[{"href":"https:\/\/zamanturkmenistan.com.tm\/index.php?rest_route=\/wp\/v2\/posts"}],"about":[{"href":"https:\/\/zamanturkmenistan.com.tm\/index.php?rest_route=\/wp\/v2\/types\/post"}],"author":[{"embeddable":true,"href":"https:\/\/zamanturkmenistan.com.tm\/index.php?rest_route=\/wp\/v2\/users\/2"}],"replies":[{"embeddable":true,"href":"https:\/\/zamanturkmenistan.com.tm\/index.php?rest_route=%2Fwp%2Fv2%2Fcomments&post=64829"}],"version-history":[{"count":1,"href":"https:\/\/zamanturkmenistan.com.tm\/index.php?rest_route=\/wp\/v2\/posts\/64829\/revisions"}],"predecessor-version":[{"id":64831,"href":"https:\/\/zamanturkmenistan.com.tm\/index.php?rest_route=\/wp\/v2\/posts\/64829\/revisions\/64831"}],"wp:featuredmedia":[{"embeddable":true,"href":"https:\/\/zamanturkmenistan.com.tm\/index.php?rest_route=\/wp\/v2\/media\/64830"}],"wp:attachment":[{"href":"https:\/\/zamanturkmenistan.com.tm\/index.php?rest_route=%2Fwp%2Fv2%2Fmedia&parent=64829"}],"wp:term":[{"taxonomy":"category","embeddable":true,"href":"https:\/\/zamanturkmenistan.com.tm\/index.php?rest_route=%2Fwp%2Fv2%2Fcategories&post=64829"},{"taxonomy":"post_tag","embeddable":true,"href":"https:\/\/zamanturkmenistan.com.tm\/index.php?rest_route=%2Fwp%2Fv2%2Ftags&post=64829"}],"curies":[{"name":"wp","href":"https:\/\/api.w.org\/{rel}","templated":true}]}}