{"id":64873,"date":"2022-09-30T16:22:16","date_gmt":"2022-09-30T11:22:16","guid":{"rendered":"https:\/\/zamanturkmenistan.com.tm\/?p=64873"},"modified":"2022-09-30T16:22:22","modified_gmt":"2022-09-30T11:22:22","slug":"yewropa-bilelesiginin-turkmenistandaky-ilcisi-bilen-dususyk","status":"publish","type":"post","link":"https:\/\/zamanturkmenistan.com.tm\/?p=64873","title":{"rendered":"\u00ddewropa Bilele\u015figini\u0148 T\u00fcrkmenistandaky Il\u00e7isi bilen du\u015fu\u015fyk"},"content":{"rendered":"\n<p>29-njy sent\u00fdabrda T\u00fcrkmenistany\u0148 DIM-de Da\u015fary i\u015fler ministri Ra\u015fid Meredowy\u0148 \u00ddewropa Bilele\u015figini\u0148 T\u00fcrkmenistandaky Il\u00e7isi Diego Ruis Alonso bilen du\u015fu\u015fygy ge\u00e7irildi. Onu\u0148 dowamynda T\u00fcrkmenistany\u0148 \u00ddB bilen k\u00f6ptarapla\u00fdyn hyzmatda\u015flygyny\u0148 h\u00e4zirki \u00fdagda\u00fdy we \u00f6s\u00fc\u015fini\u0148 m\u00fcmkin\u00e7ilikleri ara alnyp maslahatla\u015fyldy.<\/p>\n\n\n\n<p>T\u00fcrkmenistan bilen \u00ddB-ni\u0148 arasynda gatna\u015fyklary gi\u0148eltmegi\u0148 esasy g\u00f6rkezijilerini\u0148 biri \u00fdokary derejeli geple\u015fikler bolup dur\u00fdandygy bellenildi. \u015eunu\u0148 bilen baglylykda, \u00ddewropa Komissi\u00fdasyny\u0148 we T\u00fcrkmenistany\u0148 H\u00f6k\u00fcmetini\u0148 wekili\u00fdetlerini\u0148 \u00f6zara saparlary\u0148, \u015fe\u00fdle hem \u00ddewropa Parlamentini\u0148 agzalaryny\u0148 t\u00fcrkmen k\u00e4rde\u015fleri bilen du\u015fu\u015fyklaryny\u0148 gurnalmagyny\u0148 m\u00fcmkin\u00e7ilikleri bilen bagly meselelere seredildi.<\/p>\n\n\n\n<p>S\u00f6wda-ykdysady we medeni-ynsanperwer hyzmatda\u015flyk bilen bagly meseleleri\u0148 toplumyny ara alyp maslahatla\u015fmak \u00fc\u00e7in \u015fertleri d\u00f6retmek maksady bilen, taraplar \u015fu \u00fdyly\u0148 ahyryna \u00e7enli A\u015fgabatda \u201cT\u00fcrkmenistan-\u00ddewropa Bilele\u015figi\u201d Bilelikd\u00e4ki komitetini\u0148 nobatdaky mejlisini ge\u00e7irmegi ylala\u015fdylar. \u015eol bir wagtda, t\u00fcrkmen-\u00fdewropa geple\u015fiklerini\u0148 \u00e7\u00e4klerinde adam hukuklary bo\u00fdun\u00e7a nobatdaky ikitarapla\u00fdyn du\u015fu\u015fygy ge\u00e7iriler we onu\u0148 dowamynda wajyp ynsanperwerlik meselelerine seredilmegi me\u00fdille\u015fdiril\u00fd\u00e4r.<\/p>\n","protected":false},"excerpt":{"rendered":"<p>29-njy sent\u00fdabrda T\u00fcrkmenistany\u0148 DIM-de Da\u015fary i\u015fler ministri Ra\u015fid Meredowy\u0148 \u00ddewropa Bilele\u015figini\u0148 T\u00fcrkmenistandaky Il\u00e7isi Diego Ruis Alonso bilen du\u015fu\u015fygy ge\u00e7irildi. Onu\u0148 dowamynda T\u00fcrkmenistany\u0148 \u00ddB bilen k\u00f6ptarapla\u00fdyn hyzmatda\u015flygyny\u0148 h\u00e4zirki \u00fdagda\u00fdy we \u00f6s\u00fc\u015fini\u0148 m\u00fcmkin\u00e7ilikleri ara alnyp maslahatla\u015fyldy. T\u00fcrkmenistan bilen \u00ddB-ni\u0148 arasynda gatna\u015fyklary gi\u0148eltmegi\u0148 esasy g\u00f6rkezijilerini\u0148 biri \u00fdokary derejeli geple\u015fikler bolup dur\u00fdandygy bellenildi. \u015eunu\u0148 bilen baglylykda, \u00ddewropa Komissi\u00fdasyny\u0148 we [&hellip;]<\/p>\n","protected":false},"author":2,"featured_media":64875,"comment_status":"open","ping_status":"closed","sticky":false,"template":"","format":"standard","meta":{"footnotes":""},"categories":[3],"tags":[],"acf":[],"_links":{"self":[{"href":"https:\/\/zamanturkmenistan.com.tm\/index.php?rest_route=\/wp\/v2\/posts\/64873"}],"collection":[{"href":"https:\/\/zamanturkmenistan.com.tm\/index.php?rest_route=\/wp\/v2\/posts"}],"about":[{"href":"https:\/\/zamanturkmenistan.com.tm\/index.php?rest_route=\/wp\/v2\/types\/post"}],"author":[{"embeddable":true,"href":"https:\/\/zamanturkmenistan.com.tm\/index.php?rest_route=\/wp\/v2\/users\/2"}],"replies":[{"embeddable":true,"href":"https:\/\/zamanturkmenistan.com.tm\/index.php?rest_route=%2Fwp%2Fv2%2Fcomments&post=64873"}],"version-history":[{"count":1,"href":"https:\/\/zamanturkmenistan.com.tm\/index.php?rest_route=\/wp\/v2\/posts\/64873\/revisions"}],"predecessor-version":[{"id":64876,"href":"https:\/\/zamanturkmenistan.com.tm\/index.php?rest_route=\/wp\/v2\/posts\/64873\/revisions\/64876"}],"wp:featuredmedia":[{"embeddable":true,"href":"https:\/\/zamanturkmenistan.com.tm\/index.php?rest_route=\/wp\/v2\/media\/64875"}],"wp:attachment":[{"href":"https:\/\/zamanturkmenistan.com.tm\/index.php?rest_route=%2Fwp%2Fv2%2Fmedia&parent=64873"}],"wp:term":[{"taxonomy":"category","embeddable":true,"href":"https:\/\/zamanturkmenistan.com.tm\/index.php?rest_route=%2Fwp%2Fv2%2Fcategories&post=64873"},{"taxonomy":"post_tag","embeddable":true,"href":"https:\/\/zamanturkmenistan.com.tm\/index.php?rest_route=%2Fwp%2Fv2%2Ftags&post=64873"}],"curies":[{"name":"wp","href":"https:\/\/api.w.org\/{rel}","templated":true}]}}