{"id":64877,"date":"2022-09-30T16:26:12","date_gmt":"2022-09-30T11:26:12","guid":{"rendered":"https:\/\/zamanturkmenistan.com.tm\/?p=64877"},"modified":"2022-09-30T16:26:13","modified_gmt":"2022-09-30T11:26:13","slug":"turkmenistanyn-wekiliyeti-warsawada-adam-olcegleri-maslahatynda-cykys-etdi","status":"publish","type":"post","link":"https:\/\/zamanturkmenistan.com.tm\/?p=64877","title":{"rendered":"T\u00fcrkmenistany\u0148 wekili\u00fdeti War\u015fawada adam \u00f6l\u00e7egleri maslahatynda \u00e7yky\u015f etdi"},"content":{"rendered":"\n<p>26-njy sent\u00fdabrda T\u00fcrkmenistany\u0148 wekili\u00fdeti \u00ddHHG-ni\u0148 Pol\u015fa \u00fdolba\u015f\u00e7ylygy tarapyndan guralan War\u015fawany\u0148 adam \u00f6l\u00e7egleri maslahatyny\u0148 esasy mejlisinde \u00e7yky\u015f etdi.<\/p>\n\n\n\n<p>Be\u00fdanatda T\u00fcrkmenistanda demokrati\u00fdany\u0148, adam hukuklaryny\u0148, demokratik institutlaryny\u0148 gazananlary, kabul edilen t\u00e4ze kanunlar we \u00fdurtda bolup ge\u00e7\u00fd\u00e4n be\u00fdleki o\u0148yn \u00fc\u00fdtge\u015fmeler bellenildi. T\u00fcrkmenistanda \u00e7u\u0148\u0148ur \u00f6zgeri\u015flikleri\u0148 bolup ge\u00e7\u00fd\u00e4ndigi, adam hukuklaryny we azatlyklaryny \u00fcpj\u00fcn etmegi\u0148 gurallaryny has-da k\u00e4mille\u015fdirmek \u00fc\u00e7in kanun\u00e7ylyk, institusional we dolandyry\u015f \u00e7\u00e4relerini\u0148 g\u00f6r\u00fcl\u00fd\u00e4ndigi we bu ugur d\u00f6wlet ba\u015ftutany, Prezident Serdar Berdimuhamedowy\u0148 hemi\u015fe \u00fcns merkezinde dur\u00fdandygy bellenildi.<\/p>\n\n\n\n<p>\u015ee\u00fdle hem, gatna\u015fyjylara halkara hukugyny\u0148 kadalaryny\u0148 T\u00fcrkmenistany\u0148 milli kanun\u00e7ylygynda yzygiderli \u00fderine \u00fdetiril\u00fd\u00e4ndigi habar berildi. Bu i\u015fi\u0148 \u00fderine \u00fdetirili\u015fini g\u00f6z \u00f6\u0148\u00fcnde tutup, t\u00e4ze meseleler anyk kesgitlenil\u00fd\u00e4ndigi we adam hukuklary babatynda halkara bor\u00e7namalaryny\u0148 we \u00fcl\u0148\u00fclerini\u0148 yzygiderli \u00fderine \u00fdetirilmegini \u00fcpj\u00fcn ed\u00fd\u00e4n milli kanun\u00e7ylygy mundan be\u00fdl\u00e4k-de \u00f6zgertmek \u00fc\u00e7in durmu\u015fa ge\u00e7iril\u00fd\u00e4ndigi barada be\u00fdan edildi.<\/p>\n\n\n\n<p>So\u0148ky \u00fdyllarda demokrati\u00fdala\u015fma we kanuny\u0148 h\u00f6km\u00fcrowanlygy, Durnukly \u00d6s\u00fc\u015f Maksatlaryna \u00fdetmek \u00fc\u00e7in adam \u00f6l\u00e7eglerini\u0148 \u00f6s\u00fc\u015fi \u00fdaly bilelikd\u00e4ki taslamalary\u0148 we maksatnamalary\u0148 \u00e7\u00e4ginde BMG-ni\u0148 gurlu\u015f b\u00f6l\u00fcmleri bilen \u00f6zara gatna\u015fykda o\u0148yn tejribe gazanyldy. Mundan ba\u015fga-da, 2021-2025-nji \u00fdyllar aralygynda T\u00fcrkmenistanda gender de\u0148ligi we adam hukuklary bo\u00fdun\u00e7a \u00fcst\u00fcnlikli durmu\u015fa ge\u00e7iril\u00fd\u00e4n Milli Hereket me\u00fdilnamalary, \u00c7agalary\u0148 hukuklaryny durmu\u015fa ge\u00e7irmek we adam s\u00f6wdasyna gar\u015fy g\u00f6re\u015fmek bo\u00fdun\u00e7a Milli hereket me\u00fdilnamalaryny\u0148 t\u00e4ze tapgyry bo\u00fdun\u00e7a ge\u00e7iril\u00fd\u00e4n i\u015fler be\u00fdan edildi.<\/p>\n","protected":false},"excerpt":{"rendered":"<p>26-njy sent\u00fdabrda T\u00fcrkmenistany\u0148 wekili\u00fdeti \u00ddHHG-ni\u0148 Pol\u015fa \u00fdolba\u015f\u00e7ylygy tarapyndan guralan War\u015fawany\u0148 adam \u00f6l\u00e7egleri maslahatyny\u0148 esasy mejlisinde \u00e7yky\u015f etdi. Be\u00fdanatda T\u00fcrkmenistanda demokrati\u00fdany\u0148, adam hukuklaryny\u0148, demokratik institutlaryny\u0148 gazananlary, kabul edilen t\u00e4ze kanunlar we \u00fdurtda bolup ge\u00e7\u00fd\u00e4n be\u00fdleki o\u0148yn \u00fc\u00fdtge\u015fmeler bellenildi. T\u00fcrkmenistanda \u00e7u\u0148\u0148ur \u00f6zgeri\u015flikleri\u0148 bolup ge\u00e7\u00fd\u00e4ndigi, adam hukuklaryny we azatlyklaryny \u00fcpj\u00fcn etmegi\u0148 gurallaryny has-da k\u00e4mille\u015fdirmek \u00fc\u00e7in kanun\u00e7ylyk, institusional we [&hellip;]<\/p>\n","protected":false},"author":2,"featured_media":64878,"comment_status":"open","ping_status":"closed","sticky":false,"template":"","format":"standard","meta":{"footnotes":""},"categories":[3],"tags":[],"acf":[],"_links":{"self":[{"href":"https:\/\/zamanturkmenistan.com.tm\/index.php?rest_route=\/wp\/v2\/posts\/64877"}],"collection":[{"href":"https:\/\/zamanturkmenistan.com.tm\/index.php?rest_route=\/wp\/v2\/posts"}],"about":[{"href":"https:\/\/zamanturkmenistan.com.tm\/index.php?rest_route=\/wp\/v2\/types\/post"}],"author":[{"embeddable":true,"href":"https:\/\/zamanturkmenistan.com.tm\/index.php?rest_route=\/wp\/v2\/users\/2"}],"replies":[{"embeddable":true,"href":"https:\/\/zamanturkmenistan.com.tm\/index.php?rest_route=%2Fwp%2Fv2%2Fcomments&post=64877"}],"version-history":[{"count":1,"href":"https:\/\/zamanturkmenistan.com.tm\/index.php?rest_route=\/wp\/v2\/posts\/64877\/revisions"}],"predecessor-version":[{"id":64879,"href":"https:\/\/zamanturkmenistan.com.tm\/index.php?rest_route=\/wp\/v2\/posts\/64877\/revisions\/64879"}],"wp:featuredmedia":[{"embeddable":true,"href":"https:\/\/zamanturkmenistan.com.tm\/index.php?rest_route=\/wp\/v2\/media\/64878"}],"wp:attachment":[{"href":"https:\/\/zamanturkmenistan.com.tm\/index.php?rest_route=%2Fwp%2Fv2%2Fmedia&parent=64877"}],"wp:term":[{"taxonomy":"category","embeddable":true,"href":"https:\/\/zamanturkmenistan.com.tm\/index.php?rest_route=%2Fwp%2Fv2%2Fcategories&post=64877"},{"taxonomy":"post_tag","embeddable":true,"href":"https:\/\/zamanturkmenistan.com.tm\/index.php?rest_route=%2Fwp%2Fv2%2Ftags&post=64877"}],"curies":[{"name":"wp","href":"https:\/\/api.w.org\/{rel}","templated":true}]}}