{"id":64883,"date":"2022-09-30T17:45:14","date_gmt":"2022-09-30T12:45:14","guid":{"rendered":"https:\/\/zamanturkmenistan.com.tm\/?p=64883"},"modified":"2022-09-30T17:45:14","modified_gmt":"2022-09-30T12:45:14","slug":"turkmenistan-awiakompaniyasy-1-nji-oktyabrdan-minsk-bilen-yzygiderli-gatnawlary-acar","status":"publish","type":"post","link":"https:\/\/zamanturkmenistan.com.tm\/?p=64883","title":{"rendered":"\u00abT\u00fcrkmenistan\u00bb awiakompani\u00fdasy 1-nji okt\u00fdabrdan Minsk bilen yzygiderli gatnawlary a\u00e7ar"},"content":{"rendered":"\n<p>\u00abT\u00fcrkmenistan\u00bb awiakompani\u00fdasy okt\u00fdabr a\u00fdynda Belarus yzygiderli halkara u\u00e7ar gatnawlaryny a\u00e7ar. Bu barada  Minsk milli howa menzilini\u0148 metbugat gullugy habar ber\u00fd\u00e4r. Habarda bellenil\u015fi \u00fdaly, u\u00e7u\u015flar 1-nji okt\u00fdabrdan yzygiderli tertipde ba\u015flar.<\/p>\n\n\n\n<p>\u00abBoeing 737-800\u00bb u\u00e7arlary \u015fenbe g\u00fcni A\u015fgabat &#8211; Minsk &#8211; T\u00fcrkmenabat aralygynda u\u00e7u\u015flary amala a\u015fyrar.<\/p>\n","protected":false},"excerpt":{"rendered":"<p>\u00abT\u00fcrkmenistan\u00bb awiakompani\u00fdasy okt\u00fdabr a\u00fdynda Belarus yzygiderli halkara u\u00e7ar gatnawlaryny a\u00e7ar. Bu barada Minsk milli howa menzilini\u0148 metbugat gullugy habar ber\u00fd\u00e4r. Habarda bellenil\u015fi \u00fdaly, u\u00e7u\u015flar 1-nji okt\u00fdabrdan yzygiderli tertipde ba\u015flar. \u00abBoeing 737-800\u00bb u\u00e7arlary \u015fenbe g\u00fcni A\u015fgabat &#8211; Minsk &#8211; T\u00fcrkmenabat aralygynda u\u00e7u\u015flary amala a\u015fyrar.<\/p>\n","protected":false},"author":2,"featured_media":60308,"comment_status":"open","ping_status":"closed","sticky":false,"template":"","format":"standard","meta":{"footnotes":""},"categories":[3],"tags":[],"acf":[],"_links":{"self":[{"href":"https:\/\/zamanturkmenistan.com.tm\/index.php?rest_route=\/wp\/v2\/posts\/64883"}],"collection":[{"href":"https:\/\/zamanturkmenistan.com.tm\/index.php?rest_route=\/wp\/v2\/posts"}],"about":[{"href":"https:\/\/zamanturkmenistan.com.tm\/index.php?rest_route=\/wp\/v2\/types\/post"}],"author":[{"embeddable":true,"href":"https:\/\/zamanturkmenistan.com.tm\/index.php?rest_route=\/wp\/v2\/users\/2"}],"replies":[{"embeddable":true,"href":"https:\/\/zamanturkmenistan.com.tm\/index.php?rest_route=%2Fwp%2Fv2%2Fcomments&post=64883"}],"version-history":[{"count":1,"href":"https:\/\/zamanturkmenistan.com.tm\/index.php?rest_route=\/wp\/v2\/posts\/64883\/revisions"}],"predecessor-version":[{"id":64884,"href":"https:\/\/zamanturkmenistan.com.tm\/index.php?rest_route=\/wp\/v2\/posts\/64883\/revisions\/64884"}],"wp:featuredmedia":[{"embeddable":true,"href":"https:\/\/zamanturkmenistan.com.tm\/index.php?rest_route=\/wp\/v2\/media\/60308"}],"wp:attachment":[{"href":"https:\/\/zamanturkmenistan.com.tm\/index.php?rest_route=%2Fwp%2Fv2%2Fmedia&parent=64883"}],"wp:term":[{"taxonomy":"category","embeddable":true,"href":"https:\/\/zamanturkmenistan.com.tm\/index.php?rest_route=%2Fwp%2Fv2%2Fcategories&post=64883"},{"taxonomy":"post_tag","embeddable":true,"href":"https:\/\/zamanturkmenistan.com.tm\/index.php?rest_route=%2Fwp%2Fv2%2Ftags&post=64883"}],"curies":[{"name":"wp","href":"https:\/\/api.w.org\/{rel}","templated":true}]}}