{"id":64885,"date":"2022-09-30T18:38:11","date_gmt":"2022-09-30T13:38:11","guid":{"rendered":"https:\/\/zamanturkmenistan.com.tm\/?p=64885"},"modified":"2022-09-30T18:38:12","modified_gmt":"2022-09-30T13:38:12","slug":"halkara-kosmos-bekedine-zenan-serkerde-bellendi","status":"publish","type":"post","link":"https:\/\/zamanturkmenistan.com.tm\/?p=64885","title":{"rendered":"Halkara kosmos bekedine zenan serkerde bellendi"},"content":{"rendered":"\n<p>Itali\u00fdanly zenan astronawt Samata Kristoforetti Halkara kosmos bekedine\u0148 serkerdesi boldy. \u015ee\u00fdlelikde, ol bu wezipe ynanylan ilkinji \u00fdewropaly zenan boldy. Bu mynasybetli halkara beketde dabara ge\u00e7irildi. Ol 68-nji ekspedisi\u00fdany\u0148 serkerdesi boldy. \u00ddewropa Kosmos Agentligini\u0148 astronawty bolan Kristoforetti 1977-nji \u00fdylda Milanda d\u00fcn\u00fd\u00e4 in\u00fd\u00e4r. Ol i\u0148 uzak wagtlap, yzygiderli kosmosda bolan \u00fdewropaly zenan astronawt rekordyny (200 g\u00fcn) hem elinde sakla\u00fdar. \u015ee\u00fdle hem ol kosmosa \u00e7ykan ilkinji ital\u00fdan astronawtdyr.<\/p>\n","protected":false},"excerpt":{"rendered":"<p>Itali\u00fdanly zenan astronawt Samata Kristoforetti Halkara kosmos bekedine\u0148 serkerdesi boldy. \u015ee\u00fdlelikde, ol bu wezipe ynanylan ilkinji \u00fdewropaly zenan boldy. Bu mynasybetli halkara beketde dabara ge\u00e7irildi. Ol 68-nji ekspedisi\u00fdany\u0148 serkerdesi boldy. \u00ddewropa Kosmos Agentligini\u0148 astronawty bolan Kristoforetti 1977-nji \u00fdylda Milanda d\u00fcn\u00fd\u00e4 in\u00fd\u00e4r. Ol i\u0148 uzak wagtlap, yzygiderli kosmosda bolan \u00fdewropaly zenan astronawt rekordyny (200 g\u00fcn) hem [&hellip;]<\/p>\n","protected":false},"author":2,"featured_media":64886,"comment_status":"open","ping_status":"closed","sticky":false,"template":"","format":"standard","meta":{"footnotes":""},"categories":[5],"tags":[],"acf":[],"_links":{"self":[{"href":"https:\/\/zamanturkmenistan.com.tm\/index.php?rest_route=\/wp\/v2\/posts\/64885"}],"collection":[{"href":"https:\/\/zamanturkmenistan.com.tm\/index.php?rest_route=\/wp\/v2\/posts"}],"about":[{"href":"https:\/\/zamanturkmenistan.com.tm\/index.php?rest_route=\/wp\/v2\/types\/post"}],"author":[{"embeddable":true,"href":"https:\/\/zamanturkmenistan.com.tm\/index.php?rest_route=\/wp\/v2\/users\/2"}],"replies":[{"embeddable":true,"href":"https:\/\/zamanturkmenistan.com.tm\/index.php?rest_route=%2Fwp%2Fv2%2Fcomments&post=64885"}],"version-history":[{"count":1,"href":"https:\/\/zamanturkmenistan.com.tm\/index.php?rest_route=\/wp\/v2\/posts\/64885\/revisions"}],"predecessor-version":[{"id":64887,"href":"https:\/\/zamanturkmenistan.com.tm\/index.php?rest_route=\/wp\/v2\/posts\/64885\/revisions\/64887"}],"wp:featuredmedia":[{"embeddable":true,"href":"https:\/\/zamanturkmenistan.com.tm\/index.php?rest_route=\/wp\/v2\/media\/64886"}],"wp:attachment":[{"href":"https:\/\/zamanturkmenistan.com.tm\/index.php?rest_route=%2Fwp%2Fv2%2Fmedia&parent=64885"}],"wp:term":[{"taxonomy":"category","embeddable":true,"href":"https:\/\/zamanturkmenistan.com.tm\/index.php?rest_route=%2Fwp%2Fv2%2Fcategories&post=64885"},{"taxonomy":"post_tag","embeddable":true,"href":"https:\/\/zamanturkmenistan.com.tm\/index.php?rest_route=%2Fwp%2Fv2%2Ftags&post=64885"}],"curies":[{"name":"wp","href":"https:\/\/api.w.org\/{rel}","templated":true}]}}