{"id":64933,"date":"2022-10-01T11:52:24","date_gmt":"2022-10-01T06:52:24","guid":{"rendered":"https:\/\/zamanturkmenistan.com.tm\/?p=64933"},"modified":"2022-10-01T11:52:24","modified_gmt":"2022-10-01T06:52:24","slug":"ertir-bosniya-we-gersegowinada-umumy-saylawlar-geciriler","status":"publish","type":"post","link":"https:\/\/zamanturkmenistan.com.tm\/?p=64933","title":{"rendered":"Ertir Bosni\u00fda we Gersegowinada umumy sa\u00fdlawlar ge\u00e7iriler"},"content":{"rendered":"\n<p>2-nji okt\u00fdabrda Bosni\u00fda we Gersegowinada ahlumumy sa\u00fdlawlar ge\u00e7iriler. Bu barada \u00fdurdu\u0148 Merkezi sa\u00fdlaw komissi\u00fdasy (CEC) habar berdi.<\/p>\n\n\n\n<p>Ertir Bosni\u00fda we Gersegowinada Prezidiumyny\u0148 agzalaryny\u0148 sa\u00fdlawlaryny\u0148, BwG-ni\u0148 Parlament Assamble\u00fdasyny\u0148 wekiller palatasyny\u0148 sa\u00fdlawlaryny\u0148 ge\u00e7iriljekdigi habar beril\u00fd\u00e4r. Mundan ba\u015fga-da, Serb Respublikasyny\u0148 Prezidentini\u0148 we Wise-prezidentleri\u0148, Serb Respublikasyny\u0148 parlamentine, \u015fe\u00fdle hem BwG-ni\u0148 federasi\u00fdasyny\u0148 parlamentine sa\u00fdlawlar ge\u00e7iriler.<\/p>\n\n\n\n<p>\u00d6\u0148ki umumy sa\u00fdlawlar 2018-nji \u00fdyly\u0148 7-nji okt\u00fdabrynda ge\u00e7irilipdi.<\/p>\n\n\n\n<p>Bosni\u00fda we Gersegowinany\u0148 prezidiumy, Konstitusi\u00fda la\u00fdyklykda, \u00fc\u00e7 adamdan &#8211; serbden, horwatdan we bo\u015fn\u00fdakdan ybarat bolup, d\u00f6rt \u00fdyldan g\u00f6ni ses bermek arkaly sa\u00fdlan\u00fdar. Horwat we bo\u015fn\u00fdak Bosni\u00fda we Gersegowina federasi\u00fdasynda, serb bolsa, Serb Respublikasynda sa\u00fdlan\u00fdar. Prezidiumy\u0148 birinji ba\u015flygy sa\u00fdlawlarda i\u0148 k\u00f6p sese e\u00fde bolan adam bol\u00fdar. So\u0148ra her sekiz a\u00fddan bir gezek \u00fc\u00fdtge\u015fiklik bolup, kararlar ylala\u015fyk \u00fd\u00f6relgesi esasynda kabul edil\u00fd\u00e4r hem-de \u00fc\u00e7 ba\u015flygy\u0148 hersini\u0148 weto hukugy bar.<\/p>\n\n\n\n<p>\u015eol bir wagty\u0148 \u00f6z\u00fcnde, \u00fdurt BMG-ni\u0148 Howpsuzlyk Ge\u0148e\u015fi tarapyndan dala\u015fg\u00e4rligi tassyklanandan so\u0148 parahat\u00e7ylyk \u015fertnamasyny\u0148 \u00fderine \u00fdetirilmegi bo\u00fdun\u00e7a Ge\u0148e\u015fi\u0148 dolandyry\u015f komiteti tarapyndan bellenen halkara jemgy\u00fdet\u00e7iligini\u0148 \u00fdokary wekili (bu wezipe Da\u00fdton \u015fertnamasyna la\u00fdyklykda d\u00f6redildi) arkaly dolandyryl\u00fdar. Bosni\u00fda we Gersegowina Respublikasy &#8211; Balkan \u00fdarym adasyny\u0148 merkezi b\u00f6legind\u00e4ki konfederatiw d\u00f6wlet. Ol Bosni\u00fda we Gersegowina Federasi\u00fdasy, Serb Respublikasy we Br\u00e7ko okrugy di\u00fden awtonom administratiw birliklerden emele gel\u00fd\u00e4r. \u00ddurdu\u0148 ady Bosna der\u00fdasyny\u0148 adyndan we nemes tituly bolan &#8220;hersog&#8221; s\u00f6z\u00fcnden gelip \u00e7yk\u00fdar. Ol g\u00fcnbatarda we demirgazykda Horwati\u00fda, g\u00fcndogarda Serbi\u00fda, g\u00fcnorta-g\u00fcndogarda Montenegro bilen serhetle\u015f\u00fd\u00e4r. Adriatik de\u0148zine uly bolmadyk \u00e7ykalgasy bar.<\/p>\n","protected":false},"excerpt":{"rendered":"<p>2-nji okt\u00fdabrda Bosni\u00fda we Gersegowinada ahlumumy sa\u00fdlawlar ge\u00e7iriler. Bu barada \u00fdurdu\u0148 Merkezi sa\u00fdlaw komissi\u00fdasy (CEC) habar berdi. Ertir Bosni\u00fda we Gersegowinada Prezidiumyny\u0148 agzalaryny\u0148 sa\u00fdlawlaryny\u0148, BwG-ni\u0148 Parlament Assamble\u00fdasyny\u0148 wekiller palatasyny\u0148 sa\u00fdlawlaryny\u0148 ge\u00e7iriljekdigi habar beril\u00fd\u00e4r. Mundan ba\u015fga-da, Serb Respublikasyny\u0148 Prezidentini\u0148 we Wise-prezidentleri\u0148, Serb Respublikasyny\u0148 parlamentine, \u015fe\u00fdle hem BwG-ni\u0148 federasi\u00fdasyny\u0148 parlamentine sa\u00fdlawlar ge\u00e7iriler. \u00d6\u0148ki umumy sa\u00fdlawlar 2018-nji \u00fdyly\u0148 [&hellip;]<\/p>\n","protected":false},"author":2,"featured_media":64934,"comment_status":"open","ping_status":"closed","sticky":false,"template":"","format":"standard","meta":{"footnotes":""},"categories":[5],"tags":[],"acf":[],"_links":{"self":[{"href":"https:\/\/zamanturkmenistan.com.tm\/index.php?rest_route=\/wp\/v2\/posts\/64933"}],"collection":[{"href":"https:\/\/zamanturkmenistan.com.tm\/index.php?rest_route=\/wp\/v2\/posts"}],"about":[{"href":"https:\/\/zamanturkmenistan.com.tm\/index.php?rest_route=\/wp\/v2\/types\/post"}],"author":[{"embeddable":true,"href":"https:\/\/zamanturkmenistan.com.tm\/index.php?rest_route=\/wp\/v2\/users\/2"}],"replies":[{"embeddable":true,"href":"https:\/\/zamanturkmenistan.com.tm\/index.php?rest_route=%2Fwp%2Fv2%2Fcomments&post=64933"}],"version-history":[{"count":1,"href":"https:\/\/zamanturkmenistan.com.tm\/index.php?rest_route=\/wp\/v2\/posts\/64933\/revisions"}],"predecessor-version":[{"id":64935,"href":"https:\/\/zamanturkmenistan.com.tm\/index.php?rest_route=\/wp\/v2\/posts\/64933\/revisions\/64935"}],"wp:featuredmedia":[{"embeddable":true,"href":"https:\/\/zamanturkmenistan.com.tm\/index.php?rest_route=\/wp\/v2\/media\/64934"}],"wp:attachment":[{"href":"https:\/\/zamanturkmenistan.com.tm\/index.php?rest_route=%2Fwp%2Fv2%2Fmedia&parent=64933"}],"wp:term":[{"taxonomy":"category","embeddable":true,"href":"https:\/\/zamanturkmenistan.com.tm\/index.php?rest_route=%2Fwp%2Fv2%2Fcategories&post=64933"},{"taxonomy":"post_tag","embeddable":true,"href":"https:\/\/zamanturkmenistan.com.tm\/index.php?rest_route=%2Fwp%2Fv2%2Ftags&post=64933"}],"curies":[{"name":"wp","href":"https:\/\/api.w.org\/{rel}","templated":true}]}}