{"id":65080,"date":"2022-10-05T09:45:47","date_gmt":"2022-10-05T04:45:47","guid":{"rendered":"https:\/\/zamanturkmenistan.com.tm\/?p=65080"},"modified":"2022-10-05T09:45:47","modified_gmt":"2022-10-05T04:45:47","slug":"ak-tam-baydenin-prezident-saylawlaryna-gatnasjakdygyny-tassyklady","status":"publish","type":"post","link":"https:\/\/zamanturkmenistan.com.tm\/?p=65080","title":{"rendered":"Ak tam Ba\u00fddeni\u0148 Prezident sa\u00fdlawlaryna gatna\u015fjakdygyny tassyklady"},"content":{"rendered":"\n<p>4-nji okt\u00fdabrda AB\u015e-ny\u0148 h\u00e4zirki Prezidenti Jozef Ba\u00fddeni\u0148 2024-nji \u00fdylda hakykatdan hem prezidentlige dala\u015f etmek isle\u00fd\u00e4ndigini a\u00fdtdy. Bu barada NBC tele\u00fda\u00fdlymy Ak tamy\u0148 metbugat sekretary Karin \u017dan-P\u00fdere salgylanyp habar berdi. Ba\u00fdden sent\u00fdabr a\u00fdynda hem t\u00e4ze sa\u00fdlawlara gatna\u015fmak islegi barada a\u00fddypdy. Si\u015fenbe g\u00fcni, \u00e7\u00e4releri\u0148 birinde \u00fdene-de bu ni\u00fdetini m\u00e4lim etdi.<\/p>\n","protected":false},"excerpt":{"rendered":"<p>4-nji okt\u00fdabrda AB\u015e-ny\u0148 h\u00e4zirki Prezidenti Jozef Ba\u00fddeni\u0148 2024-nji \u00fdylda hakykatdan hem prezidentlige dala\u015f etmek isle\u00fd\u00e4ndigini a\u00fdtdy. Bu barada NBC tele\u00fda\u00fdlymy Ak tamy\u0148 metbugat sekretary Karin \u017dan-P\u00fdere salgylanyp habar berdi. Ba\u00fdden sent\u00fdabr a\u00fdynda hem t\u00e4ze sa\u00fdlawlara gatna\u015fmak islegi barada a\u00fddypdy. Si\u015fenbe g\u00fcni, \u00e7\u00e4releri\u0148 birinde \u00fdene-de bu ni\u00fdetini m\u00e4lim etdi.<\/p>\n","protected":false},"author":2,"featured_media":65081,"comment_status":"open","ping_status":"closed","sticky":false,"template":"","format":"standard","meta":{"footnotes":""},"categories":[5],"tags":[],"acf":[],"_links":{"self":[{"href":"https:\/\/zamanturkmenistan.com.tm\/index.php?rest_route=\/wp\/v2\/posts\/65080"}],"collection":[{"href":"https:\/\/zamanturkmenistan.com.tm\/index.php?rest_route=\/wp\/v2\/posts"}],"about":[{"href":"https:\/\/zamanturkmenistan.com.tm\/index.php?rest_route=\/wp\/v2\/types\/post"}],"author":[{"embeddable":true,"href":"https:\/\/zamanturkmenistan.com.tm\/index.php?rest_route=\/wp\/v2\/users\/2"}],"replies":[{"embeddable":true,"href":"https:\/\/zamanturkmenistan.com.tm\/index.php?rest_route=%2Fwp%2Fv2%2Fcomments&post=65080"}],"version-history":[{"count":1,"href":"https:\/\/zamanturkmenistan.com.tm\/index.php?rest_route=\/wp\/v2\/posts\/65080\/revisions"}],"predecessor-version":[{"id":65082,"href":"https:\/\/zamanturkmenistan.com.tm\/index.php?rest_route=\/wp\/v2\/posts\/65080\/revisions\/65082"}],"wp:featuredmedia":[{"embeddable":true,"href":"https:\/\/zamanturkmenistan.com.tm\/index.php?rest_route=\/wp\/v2\/media\/65081"}],"wp:attachment":[{"href":"https:\/\/zamanturkmenistan.com.tm\/index.php?rest_route=%2Fwp%2Fv2%2Fmedia&parent=65080"}],"wp:term":[{"taxonomy":"category","embeddable":true,"href":"https:\/\/zamanturkmenistan.com.tm\/index.php?rest_route=%2Fwp%2Fv2%2Fcategories&post=65080"},{"taxonomy":"post_tag","embeddable":true,"href":"https:\/\/zamanturkmenistan.com.tm\/index.php?rest_route=%2Fwp%2Fv2%2Ftags&post=65080"}],"curies":[{"name":"wp","href":"https:\/\/api.w.org\/{rel}","templated":true}]}}