{"id":65186,"date":"2022-10-07T15:43:02","date_gmt":"2022-10-07T10:43:02","guid":{"rendered":"https:\/\/zamanturkmenistan.com.tm\/?p=65186"},"modified":"2022-10-07T15:43:02","modified_gmt":"2022-10-07T10:43:02","slug":"pireneinin-ustunden-midcat-gaz-gecirijisini-gurmakcy","status":"publish","type":"post","link":"https:\/\/zamanturkmenistan.com.tm\/?p=65186","title":{"rendered":"Pireneini\u0148 \u00fcst\u00fcnden \u201cMidcat\u201d gaz ge\u00e7irijisini gurmak\u00e7y"},"content":{"rendered":"\n<p>Germani\u00fda we Ispani\u00fda 2025-nji \u00fdyla \u00e7enli Pirenei \u00fdarym adasyny Fransi\u00fda bilen birle\u015fdir\u00fd\u00e4n \u201cMidcat\u201d turbage\u00e7irijisini gurmak ni\u00fdetini m\u00e4lim etdiler. Bu barada Ispani\u00fdany\u0148 \u201cEuropa Press\u201d habar gullugy habar berdi.<\/p>\n\n\n\n<p>Bu mesele Ispani\u00fdany\u0148 Prem\u00fder-ministri Pedro San\u00e7es bilen Germani\u00fdany\u0148 Kansleri Olaf \u015eolsu\u0148 Ispani\u00fdany\u0148 port \u015f\u00e4heri La-Korun\u00fdada ge\u00e7irilen du\u015fu\u015fygynda ara alnyp maslahatla\u015fyldy. Du\u015fu\u015fykdan so\u0148 olar gatna\u015fan \u00e4hli taraplary \u201cMidcat\u201d-y gurmagy\u0148 m\u00fcmkin\u00e7iligini ara alyp maslahatla\u015fmaga \u00e7agyrdylar. \u015ee\u00fdle hem Madrid we Berlin bu taslama Fransi\u00fdany hem \u00e7ekmegi ni\u00fdet edin\u00fd\u00e4r. Fransi\u00fda \u201cMidcat\u201d-y\u0148 gurlu\u015fygyny\u0148 howany\u0148 \u00fc\u00fdtgemegine gar\u015fy g\u00f6re\u015fde \u00fdaramaz t\u00e4sir etjekdigine alada bildirdi. Pari\u017e Pars a\u00fdlagy \u00fdurtlaryndan \u00fda-da AB\u015e-dan gazly tankerleri kabul etmek \u00fc\u00e7in terminallary\u0148 gurlu\u015fygyny i\u0148 o\u0148at alternatiwa hasapla\u00fdar.<\/p>\n","protected":false},"excerpt":{"rendered":"<p>Germani\u00fda we Ispani\u00fda 2025-nji \u00fdyla \u00e7enli Pirenei \u00fdarym adasyny Fransi\u00fda bilen birle\u015fdir\u00fd\u00e4n \u201cMidcat\u201d turbage\u00e7irijisini gurmak ni\u00fdetini m\u00e4lim etdiler. Bu barada Ispani\u00fdany\u0148 \u201cEuropa Press\u201d habar gullugy habar berdi. Bu mesele Ispani\u00fdany\u0148 Prem\u00fder-ministri Pedro San\u00e7es bilen Germani\u00fdany\u0148 Kansleri Olaf \u015eolsu\u0148 Ispani\u00fdany\u0148 port \u015f\u00e4heri La-Korun\u00fdada ge\u00e7irilen du\u015fu\u015fygynda ara alnyp maslahatla\u015fyldy. Du\u015fu\u015fykdan so\u0148 olar gatna\u015fan \u00e4hli taraplary \u201cMidcat\u201d-y gurmagy\u0148 [&hellip;]<\/p>\n","protected":false},"author":2,"featured_media":65187,"comment_status":"open","ping_status":"closed","sticky":false,"template":"","format":"standard","meta":{"footnotes":""},"categories":[5],"tags":[],"acf":[],"_links":{"self":[{"href":"https:\/\/zamanturkmenistan.com.tm\/index.php?rest_route=\/wp\/v2\/posts\/65186"}],"collection":[{"href":"https:\/\/zamanturkmenistan.com.tm\/index.php?rest_route=\/wp\/v2\/posts"}],"about":[{"href":"https:\/\/zamanturkmenistan.com.tm\/index.php?rest_route=\/wp\/v2\/types\/post"}],"author":[{"embeddable":true,"href":"https:\/\/zamanturkmenistan.com.tm\/index.php?rest_route=\/wp\/v2\/users\/2"}],"replies":[{"embeddable":true,"href":"https:\/\/zamanturkmenistan.com.tm\/index.php?rest_route=%2Fwp%2Fv2%2Fcomments&post=65186"}],"version-history":[{"count":1,"href":"https:\/\/zamanturkmenistan.com.tm\/index.php?rest_route=\/wp\/v2\/posts\/65186\/revisions"}],"predecessor-version":[{"id":65188,"href":"https:\/\/zamanturkmenistan.com.tm\/index.php?rest_route=\/wp\/v2\/posts\/65186\/revisions\/65188"}],"wp:featuredmedia":[{"embeddable":true,"href":"https:\/\/zamanturkmenistan.com.tm\/index.php?rest_route=\/wp\/v2\/media\/65187"}],"wp:attachment":[{"href":"https:\/\/zamanturkmenistan.com.tm\/index.php?rest_route=%2Fwp%2Fv2%2Fmedia&parent=65186"}],"wp:term":[{"taxonomy":"category","embeddable":true,"href":"https:\/\/zamanturkmenistan.com.tm\/index.php?rest_route=%2Fwp%2Fv2%2Fcategories&post=65186"},{"taxonomy":"post_tag","embeddable":true,"href":"https:\/\/zamanturkmenistan.com.tm\/index.php?rest_route=%2Fwp%2Fv2%2Ftags&post=65186"}],"curies":[{"name":"wp","href":"https:\/\/api.w.org\/{rel}","templated":true}]}}