{"id":65608,"date":"2022-10-14T10:59:53","date_gmt":"2022-10-14T05:59:53","guid":{"rendered":"https:\/\/zamanturkmenistan.com.tm\/?p=65608"},"modified":"2022-10-16T08:17:12","modified_gmt":"2022-10-16T03:17:12","slug":"turkmenistanyn-dasary-isler-ministri-singapuryn-premyer-ministrinin-edarasynyn-ministri-bilen-dususdy","status":"publish","type":"post","link":"https:\/\/zamanturkmenistan.com.tm\/?p=65608","title":{"rendered":"T\u00fcrkmenistany\u0148 Da\u015fary i\u015fler ministri Singapury\u0148 Prem\u00fder-ministrini\u0148 edarasyny\u0148 ministri bilen du\u015fu\u015fdy"},"content":{"rendered":"\n<p>T\u00fcrkmenistany\u0148 Da\u015fary i\u015fler Ministrini\u0148 Gazagystan Respublikasyna halkara we d\u00f6wlet \u00e4hmi\u00fdetli birn\u00e4\u00e7e \u00e7\u00e4relere gatna\u015fmak maksady amala a\u015fyr\u00fdan resmi saparyny\u0148 \u00e7\u00e4klerinde, 12-nji okt\u00fdabrda Singapury\u0148 Prem\u00fder-ministrini\u0148 edarasyny\u0148 Ministri Mohamad Maliki bin Osmany\u0148 \u00fdolba\u015f\u00e7ylygyndaky wekili\u00fdeti bilen du\u015fu\u015fygy ge\u00e7irildi.<\/p>\n\n\n\n<p>Du\u015fu\u015fygy\u0148 dowamynda d\u00f6wletara gatna\u015fyklary \u00f6sd\u00fcrmekde i\u0148 \u00fdokary we \u00fdokary derejed\u00e4ki gatna\u015fyklary\u0148 \u00e4hmi\u00fdeti, \u015fe\u00fdle hem ozal amala a\u015fyrylan saparlary\u0148 netijeliligi bellenildi.<\/p>\n\n\n\n<p>Taraplar halkara \u00e4hmi\u00fdetli we ikitarapla\u00fdyn derejed\u00e4ki hyzmatda\u015flygy\u0148, hususan-da bilim, oba hojalyk, ulag ulgamy, ma\u00fda go\u00fdum, energetika, nebit we himi\u00fda ugurlaryndaky m\u00f6h\u00fcm meseleleri ara alyp maslahatla\u015fdylar. Bulardan ba\u015fga-da, h\u00e4zirki zaman tehnologi\u00fdalar ulgamynda \u00f6zara tejribe aly\u015fmagy\u0148 m\u00fcmkin\u00e7iliklerine hem seredildi.<\/p>\n\n\n\n<p>\u015ee\u00fdle hem, iki \u00fdurdu\u0148 i\u015few\u00fcrler toparlaryny\u0148 \u00f6zara hyzmatda\u015flygyny\u0148 i\u015fje\u0148le\u015fdirilmegini\u0148 \u00e4hmi\u00fdeti nygtaldy.<\/p>\n","protected":false},"excerpt":{"rendered":"<p>T\u00fcrkmenistany\u0148 Da\u015fary i\u015fler Ministrini\u0148 Gazagystan Respublikasyna halkara we d\u00f6wlet \u00e4hmi\u00fdetli birn\u00e4\u00e7e \u00e7\u00e4relere gatna\u015fmak maksady amala a\u015fyr\u00fdan resmi saparyny\u0148 \u00e7\u00e4klerinde, 12-nji okt\u00fdabrda Singapury\u0148 Prem\u00fder-ministrini\u0148 edarasyny\u0148 Ministri Mohamad Maliki bin Osmany\u0148 \u00fdolba\u015f\u00e7ylygyndaky wekili\u00fdeti bilen du\u015fu\u015fygy ge\u00e7irildi. Du\u015fu\u015fygy\u0148 dowamynda d\u00f6wletara gatna\u015fyklary \u00f6sd\u00fcrmekde i\u0148 \u00fdokary we \u00fdokary derejed\u00e4ki gatna\u015fyklary\u0148 \u00e4hmi\u00fdeti, \u015fe\u00fdle hem ozal amala a\u015fyrylan saparlary\u0148 netijeliligi bellenildi. Taraplar [&hellip;]<\/p>\n","protected":false},"author":2,"featured_media":65609,"comment_status":"open","ping_status":"closed","sticky":false,"template":"","format":"standard","meta":{"footnotes":""},"categories":[3],"tags":[],"acf":[],"_links":{"self":[{"href":"https:\/\/zamanturkmenistan.com.tm\/index.php?rest_route=\/wp\/v2\/posts\/65608"}],"collection":[{"href":"https:\/\/zamanturkmenistan.com.tm\/index.php?rest_route=\/wp\/v2\/posts"}],"about":[{"href":"https:\/\/zamanturkmenistan.com.tm\/index.php?rest_route=\/wp\/v2\/types\/post"}],"author":[{"embeddable":true,"href":"https:\/\/zamanturkmenistan.com.tm\/index.php?rest_route=\/wp\/v2\/users\/2"}],"replies":[{"embeddable":true,"href":"https:\/\/zamanturkmenistan.com.tm\/index.php?rest_route=%2Fwp%2Fv2%2Fcomments&post=65608"}],"version-history":[{"count":1,"href":"https:\/\/zamanturkmenistan.com.tm\/index.php?rest_route=\/wp\/v2\/posts\/65608\/revisions"}],"predecessor-version":[{"id":65610,"href":"https:\/\/zamanturkmenistan.com.tm\/index.php?rest_route=\/wp\/v2\/posts\/65608\/revisions\/65610"}],"wp:featuredmedia":[{"embeddable":true,"href":"https:\/\/zamanturkmenistan.com.tm\/index.php?rest_route=\/wp\/v2\/media\/65609"}],"wp:attachment":[{"href":"https:\/\/zamanturkmenistan.com.tm\/index.php?rest_route=%2Fwp%2Fv2%2Fmedia&parent=65608"}],"wp:term":[{"taxonomy":"category","embeddable":true,"href":"https:\/\/zamanturkmenistan.com.tm\/index.php?rest_route=%2Fwp%2Fv2%2Fcategories&post=65608"},{"taxonomy":"post_tag","embeddable":true,"href":"https:\/\/zamanturkmenistan.com.tm\/index.php?rest_route=%2Fwp%2Fv2%2Ftags&post=65608"}],"curies":[{"name":"wp","href":"https:\/\/api.w.org\/{rel}","templated":true}]}}