{"id":65676,"date":"2022-10-14T16:01:56","date_gmt":"2022-10-14T11:01:56","guid":{"rendered":"https:\/\/zamanturkmenistan.com.tm\/?p=65676"},"modified":"2022-10-16T08:22:34","modified_gmt":"2022-10-16T03:22:34","slug":"gda-nyn-indiki-sammiti-biskekde-geciriler","status":"publish","type":"post","link":"https:\/\/zamanturkmenistan.com.tm\/?p=65676","title":{"rendered":"GDA-ny\u0148 indiki sammiti Bi\u015fkekde ge\u00e7iriler"},"content":{"rendered":"\n<p>GDA-ny\u0148 d\u00f6wlet Ba\u015ftutanlary ge\u0148e\u015fini\u0148 indiki \u00fdygnagy 2023-nji \u00fdyly\u0148 13-nji okt\u00fdabrynda Bi\u015fkekde ge\u00e7iriler di\u00fdip, GDA-ny\u0148 \u00fderine \u00fdetiriji ge\u0148e\u015fini\u0148 ba\u015flygy Serge\u00fd Lebedew a\u00fdtdy. &#8220;Delegasi\u00fdalary\u0148 \u00fdolba\u015f\u00e7ylary Gyrgyz Respublikasy tarapyndan 2023-nji \u00fdylda amala a\u015fyryljak Arkala\u015fygy\u0148 ba\u015flyklygy, Gazagystan Respublikasy we Russi\u00fda Federasi\u00fdasy bilen bilelikde ba\u015flyklyk etmek barada karar kabul etdiler. Gyrgyzystany\u0148 teklibi bo\u00fdun\u00e7a D\u00f6wlet ba\u015ftutanlaryny\u0148 ge\u0148e\u015fini\u0148 indiki mejlisini 2023-nji \u00fdyly\u0148 13-nji okt\u00fdabrynda Bi\u015fkekde ge\u00e7irmek barada karar kabul edildi.<\/p>\n","protected":false},"excerpt":{"rendered":"<p>GDA-ny\u0148 d\u00f6wlet Ba\u015ftutanlary ge\u0148e\u015fini\u0148 indiki \u00fdygnagy 2023-nji \u00fdyly\u0148 13-nji okt\u00fdabrynda Bi\u015fkekde ge\u00e7iriler di\u00fdip, GDA-ny\u0148 \u00fderine \u00fdetiriji ge\u0148e\u015fini\u0148 ba\u015flygy Serge\u00fd Lebedew a\u00fdtdy. &#8220;Delegasi\u00fdalary\u0148 \u00fdolba\u015f\u00e7ylary Gyrgyz Respublikasy tarapyndan 2023-nji \u00fdylda amala a\u015fyryljak Arkala\u015fygy\u0148 ba\u015flyklygy, Gazagystan Respublikasy we Russi\u00fda Federasi\u00fdasy bilen bilelikde ba\u015flyklyk etmek barada karar kabul etdiler. Gyrgyzystany\u0148 teklibi bo\u00fdun\u00e7a D\u00f6wlet ba\u015ftutanlaryny\u0148 ge\u0148e\u015fini\u0148 indiki mejlisini 2023-nji \u00fdyly\u0148 [&hellip;]<\/p>\n","protected":false},"author":2,"featured_media":65677,"comment_status":"open","ping_status":"closed","sticky":false,"template":"","format":"standard","meta":{"footnotes":""},"categories":[3],"tags":[],"acf":[],"_links":{"self":[{"href":"https:\/\/zamanturkmenistan.com.tm\/index.php?rest_route=\/wp\/v2\/posts\/65676"}],"collection":[{"href":"https:\/\/zamanturkmenistan.com.tm\/index.php?rest_route=\/wp\/v2\/posts"}],"about":[{"href":"https:\/\/zamanturkmenistan.com.tm\/index.php?rest_route=\/wp\/v2\/types\/post"}],"author":[{"embeddable":true,"href":"https:\/\/zamanturkmenistan.com.tm\/index.php?rest_route=\/wp\/v2\/users\/2"}],"replies":[{"embeddable":true,"href":"https:\/\/zamanturkmenistan.com.tm\/index.php?rest_route=%2Fwp%2Fv2%2Fcomments&post=65676"}],"version-history":[{"count":1,"href":"https:\/\/zamanturkmenistan.com.tm\/index.php?rest_route=\/wp\/v2\/posts\/65676\/revisions"}],"predecessor-version":[{"id":65678,"href":"https:\/\/zamanturkmenistan.com.tm\/index.php?rest_route=\/wp\/v2\/posts\/65676\/revisions\/65678"}],"wp:featuredmedia":[{"embeddable":true,"href":"https:\/\/zamanturkmenistan.com.tm\/index.php?rest_route=\/wp\/v2\/media\/65677"}],"wp:attachment":[{"href":"https:\/\/zamanturkmenistan.com.tm\/index.php?rest_route=%2Fwp%2Fv2%2Fmedia&parent=65676"}],"wp:term":[{"taxonomy":"category","embeddable":true,"href":"https:\/\/zamanturkmenistan.com.tm\/index.php?rest_route=%2Fwp%2Fv2%2Fcategories&post=65676"},{"taxonomy":"post_tag","embeddable":true,"href":"https:\/\/zamanturkmenistan.com.tm\/index.php?rest_route=%2Fwp%2Fv2%2Ftags&post=65676"}],"curies":[{"name":"wp","href":"https:\/\/api.w.org\/{rel}","templated":true}]}}