{"id":65682,"date":"2022-10-14T16:15:15","date_gmt":"2022-10-14T11:15:15","guid":{"rendered":"https:\/\/zamanturkmenistan.com.tm\/?p=65682"},"modified":"2022-10-14T16:15:15","modified_gmt":"2022-10-14T11:15:15","slug":"2024-nji-yyl-gda-da-meyletincilik-hereketinin-yyly-diylip-yglan-edildi","status":"publish","type":"post","link":"https:\/\/zamanturkmenistan.com.tm\/?p=65682","title":{"rendered":"2024-nji \u00fdyl GDA-da \u201cMe\u00fdletin\u00e7ilik hereketini\u0148 \u00fdyly\u201d di\u00fdlip yglan edildi"},"content":{"rendered":"\n<p>Gazagystany\u0148 pa\u00fdtagty Astana \u015f\u00e4herinde ge\u00e7irilen GDA agza d\u00f6wletleri\u0148 Ba\u015ftutanlaryny\u0148 Ge\u0148e\u015fini\u0148 mejlisini\u0148 jemleri bo\u00fdun\u00e7a birn\u00e4\u00e7e resminamalar kabul edildi. D\u00f6wlet Ba\u015ftutanlary Gara\u015fsyz D\u00f6wletleri\u0148 Arkala\u015fygyny\u0148 \u00e7\u00e4klerinde 2024-nji \u00fdyly \u2013 \u201cMe\u00fdletin\u00e7ilik hereketini\u0148 \u00fdyly\u201d, 2025-nji \u00fdyly \u2013 \u201cBe\u00fdik Watan\u00e7ylyk ur\u015funda \u00dde\u0148\u015fi\u0148 80 \u00fdyllygy\u201d \u2013 \u201cParahat\u00e7ylyk we millet\u00e7ilige gar\u015fy g\u00f6re\u015fde jebislik \u00fdyly\u201d, 2026-njy \u00fdyly \u2013 \u201cSaglygy goramak \u00fdyly\u201d di\u00fdip yglan etmek hakynda karar kabul etdiler. Bu barada GDA-ny\u0148 \u00dderine \u00fdetiriji ge\u0148e\u015fini\u0148 sa\u00fdtynda habar beril\u00fd\u00e4r.<\/p>\n","protected":false},"excerpt":{"rendered":"<p>Gazagystany\u0148 pa\u00fdtagty Astana \u015f\u00e4herinde ge\u00e7irilen GDA agza d\u00f6wletleri\u0148 Ba\u015ftutanlaryny\u0148 Ge\u0148e\u015fini\u0148 mejlisini\u0148 jemleri bo\u00fdun\u00e7a birn\u00e4\u00e7e resminamalar kabul edildi. D\u00f6wlet Ba\u015ftutanlary Gara\u015fsyz D\u00f6wletleri\u0148 Arkala\u015fygyny\u0148 \u00e7\u00e4klerinde 2024-nji \u00fdyly \u2013 \u201cMe\u00fdletin\u00e7ilik hereketini\u0148 \u00fdyly\u201d, 2025-nji \u00fdyly \u2013 \u201cBe\u00fdik Watan\u00e7ylyk ur\u015funda \u00dde\u0148\u015fi\u0148 80 \u00fdyllygy\u201d \u2013 \u201cParahat\u00e7ylyk we millet\u00e7ilige gar\u015fy g\u00f6re\u015fde jebislik \u00fdyly\u201d, 2026-njy \u00fdyly \u2013 \u201cSaglygy goramak \u00fdyly\u201d di\u00fdip yglan etmek [&hellip;]<\/p>\n","protected":false},"author":2,"featured_media":65683,"comment_status":"open","ping_status":"closed","sticky":false,"template":"","format":"standard","meta":{"footnotes":""},"categories":[5],"tags":[],"acf":[],"_links":{"self":[{"href":"https:\/\/zamanturkmenistan.com.tm\/index.php?rest_route=\/wp\/v2\/posts\/65682"}],"collection":[{"href":"https:\/\/zamanturkmenistan.com.tm\/index.php?rest_route=\/wp\/v2\/posts"}],"about":[{"href":"https:\/\/zamanturkmenistan.com.tm\/index.php?rest_route=\/wp\/v2\/types\/post"}],"author":[{"embeddable":true,"href":"https:\/\/zamanturkmenistan.com.tm\/index.php?rest_route=\/wp\/v2\/users\/2"}],"replies":[{"embeddable":true,"href":"https:\/\/zamanturkmenistan.com.tm\/index.php?rest_route=%2Fwp%2Fv2%2Fcomments&post=65682"}],"version-history":[{"count":1,"href":"https:\/\/zamanturkmenistan.com.tm\/index.php?rest_route=\/wp\/v2\/posts\/65682\/revisions"}],"predecessor-version":[{"id":65684,"href":"https:\/\/zamanturkmenistan.com.tm\/index.php?rest_route=\/wp\/v2\/posts\/65682\/revisions\/65684"}],"wp:featuredmedia":[{"embeddable":true,"href":"https:\/\/zamanturkmenistan.com.tm\/index.php?rest_route=\/wp\/v2\/media\/65683"}],"wp:attachment":[{"href":"https:\/\/zamanturkmenistan.com.tm\/index.php?rest_route=%2Fwp%2Fv2%2Fmedia&parent=65682"}],"wp:term":[{"taxonomy":"category","embeddable":true,"href":"https:\/\/zamanturkmenistan.com.tm\/index.php?rest_route=%2Fwp%2Fv2%2Fcategories&post=65682"},{"taxonomy":"post_tag","embeddable":true,"href":"https:\/\/zamanturkmenistan.com.tm\/index.php?rest_route=%2Fwp%2Fv2%2Ftags&post=65682"}],"curies":[{"name":"wp","href":"https:\/\/api.w.org\/{rel}","templated":true}]}}