{"id":65686,"date":"2022-10-14T16:29:45","date_gmt":"2022-10-14T11:29:45","guid":{"rendered":"https:\/\/zamanturkmenistan.com.tm\/?p=65686"},"modified":"2022-10-16T08:22:34","modified_gmt":"2022-10-16T03:22:34","slug":"turkmenistanyn-dasary-isler-ministrinin-bae-nin-energetika-we-infrastruktura-ministri-bilen-dususygy","status":"publish","type":"post","link":"https:\/\/zamanturkmenistan.com.tm\/?p=65686","title":{"rendered":"T\u00fcrkmenistany\u0148 Da\u015fary i\u015fler ministrini\u0148 BAE-ni\u0148 Energetika we infrastruktura ministri bilen du\u015fu\u015fygy"},"content":{"rendered":"\n<p>13-nji okt\u00fdabrda Astana \u015f\u00e4herinde Azi\u00fdada \u00f6zara hyzmatda\u015flyk we ynamy berkitmek \u00e7\u00e4releri bo\u00fdun\u00e7a Ge\u0148e\u015fini\u0148 (CICA) VI Sammitini\u0148 \u00e7\u00e4klerinde T\u00fcrkmenistany\u0148 Da\u015fary i\u015fler ministri R.Meredowy\u0148 BAE-ni\u0148 Energetika we infrastruktura ministri Suha\u00fdl Al Mazrui bilen du\u015fu\u015fygy ge\u00e7irildi.<\/p>\n\n\n\n<p>Du\u015fu\u015fygy\u0148 dowamynda \u00fdokary derejeli geple\u015fikleri\u0148 \u00e4hmi\u00fdeti bellenildi we taraplary\u0148 ozal gazanylan ylala\u015fyklary\u0148 yzygiderli durmu\u015fa ge\u00e7irilmegine ygrarlydyklary nygtaldy.&nbsp;<\/p>\n\n\n\n<p>Taraplar \u015fe\u00fdle hem ulag-logistika, s\u00f6wda-ykdysady we ma\u00fda go\u00fdum ulgamlaryndaky ikitarapla\u00fdyn hyzmatda\u015flygy\u0148 meselelerini ara alyp maslahatla\u015fdylar. Ikitarapla\u00fdyn hyzmatda\u015flygy\u0148 \u00f6zara gyzyklanma bildiril\u00fd\u00e4n, ileri tutul\u00fdan ugurlary bo\u00fdun\u00e7a netijeli dialogy\u0148 i\u015fje\u0148le\u015fdirilmegine taraplary\u0148 ta\u00fd\u00fdardygy be\u00fdan edildi.<\/p>\n","protected":false},"excerpt":{"rendered":"<p>13-nji okt\u00fdabrda Astana \u015f\u00e4herinde Azi\u00fdada \u00f6zara hyzmatda\u015flyk we ynamy berkitmek \u00e7\u00e4releri bo\u00fdun\u00e7a Ge\u0148e\u015fini\u0148 (CICA) VI Sammitini\u0148 \u00e7\u00e4klerinde T\u00fcrkmenistany\u0148 Da\u015fary i\u015fler ministri R.Meredowy\u0148 BAE-ni\u0148 Energetika we infrastruktura ministri Suha\u00fdl Al Mazrui bilen du\u015fu\u015fygy ge\u00e7irildi. Du\u015fu\u015fygy\u0148 dowamynda \u00fdokary derejeli geple\u015fikleri\u0148 \u00e4hmi\u00fdeti bellenildi we taraplary\u0148 ozal gazanylan ylala\u015fyklary\u0148 yzygiderli durmu\u015fa ge\u00e7irilmegine ygrarlydyklary nygtaldy.&nbsp; Taraplar \u015fe\u00fdle hem ulag-logistika, s\u00f6wda-ykdysady [&hellip;]<\/p>\n","protected":false},"author":2,"featured_media":65687,"comment_status":"open","ping_status":"closed","sticky":false,"template":"","format":"standard","meta":{"footnotes":""},"categories":[3],"tags":[],"acf":[],"_links":{"self":[{"href":"https:\/\/zamanturkmenistan.com.tm\/index.php?rest_route=\/wp\/v2\/posts\/65686"}],"collection":[{"href":"https:\/\/zamanturkmenistan.com.tm\/index.php?rest_route=\/wp\/v2\/posts"}],"about":[{"href":"https:\/\/zamanturkmenistan.com.tm\/index.php?rest_route=\/wp\/v2\/types\/post"}],"author":[{"embeddable":true,"href":"https:\/\/zamanturkmenistan.com.tm\/index.php?rest_route=\/wp\/v2\/users\/2"}],"replies":[{"embeddable":true,"href":"https:\/\/zamanturkmenistan.com.tm\/index.php?rest_route=%2Fwp%2Fv2%2Fcomments&post=65686"}],"version-history":[{"count":1,"href":"https:\/\/zamanturkmenistan.com.tm\/index.php?rest_route=\/wp\/v2\/posts\/65686\/revisions"}],"predecessor-version":[{"id":65688,"href":"https:\/\/zamanturkmenistan.com.tm\/index.php?rest_route=\/wp\/v2\/posts\/65686\/revisions\/65688"}],"wp:featuredmedia":[{"embeddable":true,"href":"https:\/\/zamanturkmenistan.com.tm\/index.php?rest_route=\/wp\/v2\/media\/65687"}],"wp:attachment":[{"href":"https:\/\/zamanturkmenistan.com.tm\/index.php?rest_route=%2Fwp%2Fv2%2Fmedia&parent=65686"}],"wp:term":[{"taxonomy":"category","embeddable":true,"href":"https:\/\/zamanturkmenistan.com.tm\/index.php?rest_route=%2Fwp%2Fv2%2Fcategories&post=65686"},{"taxonomy":"post_tag","embeddable":true,"href":"https:\/\/zamanturkmenistan.com.tm\/index.php?rest_route=%2Fwp%2Fv2%2Ftags&post=65686"}],"curies":[{"name":"wp","href":"https:\/\/api.w.org\/{rel}","templated":true}]}}