{"id":65689,"date":"2022-10-14T16:35:22","date_gmt":"2022-10-14T11:35:22","guid":{"rendered":"https:\/\/zamanturkmenistan.com.tm\/?p=65689"},"modified":"2022-10-16T08:22:33","modified_gmt":"2022-10-16T03:22:33","slug":"turkmenistanyn-wekiliyeti-aziyada-ozara-hyzmatdaslyk-we-ynamy-berkitmek-careleri-boyunca-genesinin-cica-vi-sammitine-gatnasdy","status":"publish","type":"post","link":"https:\/\/zamanturkmenistan.com.tm\/?p=65689","title":{"rendered":"T\u00fcrkmenistany\u0148 wekili\u00fdeti Azi\u00fdada \u00f6zara hyzmatda\u015flyk we ynamy berkitmek \u00e7\u00e4releri bo\u00fdun\u00e7a Ge\u0148e\u015fini\u0148 (CICA) VI Sammitine gatna\u015fdy"},"content":{"rendered":"\n<p>13-nji okt\u00fdabrynda Astana \u015f\u00e4herinde Azi\u00fdada \u00f6zara hyzmatda\u015flyk we ynamy berkitmek \u00e7\u00e4releri bo\u00fdun\u00e7a Ge\u0148e\u015fini\u0148 (CICA) VI Sammiti ge\u00e7irildi. Onda T\u00fcrkmenistany\u0148 wekili\u00fdetine T\u00fcrkmenistany\u0148 Ministrler Kabinetini\u0148 Ba\u015flygyny\u0148 Orunbasary, Da\u015fary i\u015fler ministri R.Meredow \u00fdolba\u015f\u00e7ylyk etdi.<\/p>\n\n\n\n<p>\u00ddokary derejeli halkara sammiti\u0148 i\u015fine d\u00f6wlet we h\u00f6k\u00fcmet ba\u015ftutanlary, gatna\u015fyjy-\u00fdurtlary\u0148 \u00fdokary wezipeli wekilleri, \u00fdolba\u015f\u00e7ylary hem-de syn\u00e7y d\u00f6wletleri\u0148, syn\u00e7y halkara guramalary\u0148 we hyzmatda\u015flaryny\u0148 wekilleri gatna\u015fdylar.<\/p>\n\n\n\n<p>Mejlisi\u0148 dowamynda gatna\u015fyjylar s\u00f6wda-ykdysady gatna\u015fyklary\u0148, \u015fol sanda energetika we ulag-aragatna\u015fyk ulgamlarynda hyzmatda\u015flygy\u0148 gi\u0148eldilmegini\u0148 hem-de azyk we ekologiki howpsuzlygy\u0148 \u00fcpj\u00fcn edilmegini\u0148 zerurdygyny nygtadylar.<\/p>\n\n\n\n<p>Yklymda we b\u00fctin d\u00fcn\u00fd\u00e4de parahat\u00e7ylygy we durnuklylygy saklamagy\u0148, \u015fe\u00fdle hem howpsuzlygy \u00fcpj\u00fcn etmek we h\u00e4zirki zaman wehimlere gar\u015fy g\u00f6re\u015fmekde utga\u015fdyrylan \u00e4dimleri\u0148 \u00e4hmi\u00fdeti barada a\u00fdratyn bellenildi.<\/p>\n\n\n\n<p>Gatna\u015fyjy \u00fdurtlar CICA-ny\u0148 VI Sammitini\u0148 netijeleri bo\u00fdun\u00e7a birn\u00e4\u00e7e be\u00fdannamalary we kararlary kabul etdiler:<\/p>\n\n\n\n<p>&#8211; CICA-ny\u0148 \u00f6zgerdilmegi barada Astana Be\u00fdannamasy;<\/p>\n\n\n\n<p>&#8211; CICA gatna\u015fyjy d\u00f6wletleri\u0148 ba\u015ftutanlaryny\u0148 maglumat-kommunikasi\u00fda tehnologi\u00fdalary we maglumat-kommunikasi\u00fda tehnologi\u00fdalaryny ulanmak ulgamlarynda howpsuzlygy \u00fcpj\u00fcn etmek ugrunda hyzmatda\u015flyk barada Be\u00fdannamasy;<\/p>\n\n\n\n<p>&#8211; Birle\u015fen Milletler Guramasyny\u0148 Terror\u00e7ylyga gar\u015fy \u00e4hlumumy strategi\u00fdasyny durmu\u015fa ge\u00e7irmek bo\u00fdun\u00e7a CICA-ny\u0148 Hereketler Me\u00fdilnamasy;<\/p>\n\n\n\n<p>&#8211; Kuwe\u00fdte CICA gatna\u015fyjy d\u00f6wlet derejesini bermek meselesi bo\u00fdun\u00e7a CICA-ny\u0148 Sammitini\u0148 Karary;<\/p>\n\n\n\n<p>&#8211; 2022-2024-nji \u00fdyllarda bilele\u015fige ba\u015flyklyk etmek hem-de d\u00f6wlet we h\u00f6k\u00fcmet ba\u015ftutanlaryny\u0148 Ge\u0148e\u015fini\u0148 we Ministrler Ge\u0148e\u015fini\u0148 nobatdaky mejlislerini ge\u00e7irmek meseleleri bo\u00fdun\u00e7a CICA-ny\u0148 Sammitini\u0148 Karary;<\/p>\n\n\n\n<p>&#8211; CICA-ny\u0148 Fondy hakyndaky D\u00fczg\u00fcnnama.<\/p>\n\n\n\n<p>Azi\u00fdada \u00f6zara hyzmatda\u015flyk we ynamy berkitmek \u00e7\u00e4releri bo\u00fdun\u00e7a Ge\u0148e\u015fini\u0148 (CICA) howpsuzlyk we durnuklylyk ugrunda hyzmatda\u015flygy gi\u0148eltm\u00e4ge, s\u00f6wda-ykdysady hyzmatda\u015flygy i\u015fje\u0148le\u015fdirmek, da\u015fky gur\u015fawy goramak meselelerinde aragatna\u015fygy \u00f6sd\u00fcrm\u00e4ge g\u00f6n\u00fckdirilen halkara forum bolup dur\u00fdar. T\u00fcrkmenistan bu halkara forumynda syn\u00e7y derejesine e\u00fdedir.<\/p>\n","protected":false},"excerpt":{"rendered":"<p>13-nji okt\u00fdabrynda Astana \u015f\u00e4herinde Azi\u00fdada \u00f6zara hyzmatda\u015flyk we ynamy berkitmek \u00e7\u00e4releri bo\u00fdun\u00e7a Ge\u0148e\u015fini\u0148 (CICA) VI Sammiti ge\u00e7irildi. Onda T\u00fcrkmenistany\u0148 wekili\u00fdetine T\u00fcrkmenistany\u0148 Ministrler Kabinetini\u0148 Ba\u015flygyny\u0148 Orunbasary, Da\u015fary i\u015fler ministri R.Meredow \u00fdolba\u015f\u00e7ylyk etdi. \u00ddokary derejeli halkara sammiti\u0148 i\u015fine d\u00f6wlet we h\u00f6k\u00fcmet ba\u015ftutanlary, gatna\u015fyjy-\u00fdurtlary\u0148 \u00fdokary wezipeli wekilleri, \u00fdolba\u015f\u00e7ylary hem-de syn\u00e7y d\u00f6wletleri\u0148, syn\u00e7y halkara guramalary\u0148 we hyzmatda\u015flaryny\u0148 wekilleri gatna\u015fdylar. [&hellip;]<\/p>\n","protected":false},"author":2,"featured_media":65690,"comment_status":"open","ping_status":"closed","sticky":false,"template":"","format":"standard","meta":{"footnotes":""},"categories":[3],"tags":[],"acf":[],"_links":{"self":[{"href":"https:\/\/zamanturkmenistan.com.tm\/index.php?rest_route=\/wp\/v2\/posts\/65689"}],"collection":[{"href":"https:\/\/zamanturkmenistan.com.tm\/index.php?rest_route=\/wp\/v2\/posts"}],"about":[{"href":"https:\/\/zamanturkmenistan.com.tm\/index.php?rest_route=\/wp\/v2\/types\/post"}],"author":[{"embeddable":true,"href":"https:\/\/zamanturkmenistan.com.tm\/index.php?rest_route=\/wp\/v2\/users\/2"}],"replies":[{"embeddable":true,"href":"https:\/\/zamanturkmenistan.com.tm\/index.php?rest_route=%2Fwp%2Fv2%2Fcomments&post=65689"}],"version-history":[{"count":2,"href":"https:\/\/zamanturkmenistan.com.tm\/index.php?rest_route=\/wp\/v2\/posts\/65689\/revisions"}],"predecessor-version":[{"id":65693,"href":"https:\/\/zamanturkmenistan.com.tm\/index.php?rest_route=\/wp\/v2\/posts\/65689\/revisions\/65693"}],"wp:featuredmedia":[{"embeddable":true,"href":"https:\/\/zamanturkmenistan.com.tm\/index.php?rest_route=\/wp\/v2\/media\/65690"}],"wp:attachment":[{"href":"https:\/\/zamanturkmenistan.com.tm\/index.php?rest_route=%2Fwp%2Fv2%2Fmedia&parent=65689"}],"wp:term":[{"taxonomy":"category","embeddable":true,"href":"https:\/\/zamanturkmenistan.com.tm\/index.php?rest_route=%2Fwp%2Fv2%2Fcategories&post=65689"},{"taxonomy":"post_tag","embeddable":true,"href":"https:\/\/zamanturkmenistan.com.tm\/index.php?rest_route=%2Fwp%2Fv2%2Ftags&post=65689"}],"curies":[{"name":"wp","href":"https:\/\/api.w.org\/{rel}","templated":true}]}}