{"id":66053,"date":"2022-10-18T14:14:48","date_gmt":"2022-10-18T09:14:48","guid":{"rendered":"https:\/\/zamanturkmenistan.com.tm\/?p=66053"},"modified":"2022-10-18T14:18:05","modified_gmt":"2022-10-18T09:18:05","slug":"turkmenistanyn-adatdan-dasary-we-doly-ygtyyarly-ilcisi-fransiyanyn-prezidentine-ynanc-hatyny-gowsurdy","status":"publish","type":"post","link":"https:\/\/zamanturkmenistan.com.tm\/?p=66053","title":{"rendered":"T\u00fcrkmenistany\u0148 Adatdan da\u015fary we Doly ygty\u00fdarly Il\u00e7isi Fransi\u00fdany\u0148 Prezidentine ynan\u00e7 hatlaryny gow\u015furdy"},"content":{"rendered":"<p>13-nji okt\u00fdabrda Pari\u017e \u015f\u00e4herind\u00e4ki \u00ddelise\u00fd k\u00f6\u015fg\u00fcnde Il\u00e7i M.\u00c7ary\u00fdewi\u0148 Fransi\u00fda Respublikasyny\u0148 Prezidenti Emmanuel Makrona T\u00fcrkmenistany\u0148 Adatdan da\u015fary we Doly ygty\u00fdarly Il\u00e7isi h\u00f6km\u00fcnde ynan\u00e7 hatlaryny gow\u015furyly\u015f dabarasy ge\u00e7irildi.<\/p>\n<p>Ynan\u00e7 hatlaryny gow\u015furyly\u015f dabarasyny\u0148 dowamynda Il\u00e7i Fransi\u00fda Respublikasyny\u0148 Prezidenti Emmanuel Makrona T\u00fcrkmenistany\u0148 Prezidenti Serdar Berdimuhamedowy\u0148 hem-de T\u00fcrkmenistany\u0148 Milli Ge\u0148e\u015fini\u0148 Halk Maslahatyny\u0148 Ba\u015flygy Gurbanguly Berdimuhamedowy\u0148 adyndan gyzgyn salamlaryny we i\u0148 gowy arzuwlaryny \u00fdetirdi.<\/p>\n<p>T\u00fcrkmenistany\u0148 Ba\u015ftutanyny\u0148 adyndan iberilen m\u00e4hirli s\u00f6zler \u00fc\u00e7in minnetdarlyk bildirip, \u00f6z gezeginde Fransi\u00fda Respublikasyny\u0148 Prezidenti Emmanuel Makron T\u00fcrkmenistany\u0148 Prezidenti Serdar Berdimuhamedowa hem-de T\u00fcrkmenistany\u0148 Milli Ge\u0148e\u015fini\u0148 Halk Maslahatyny\u0148 Ba\u015flygy Gurbanguly Berdimuhamedowa m\u00e4hirli we dostlukly s\u00f6zlerini, T\u00fcrkmenistany\u0148 halkyna bolsa \u00f6z i\u0148 gowy parahat\u00e7ylyk we abadan\u00e7ylyk arzuwlaryny \u00fdetirmegi ha\u00fdy\u015f etdi.<\/p>\n<p>Du\u015fu\u015fygy\u0148 dowamynda iki \u00fdurdu\u0148 sy\u00fdasy, ykdysady we ynsanperwer ugurlaryndaky hyzmatda\u015flygyny\u0148 m\u00fcmkin\u00e7ilikleri barada bellenildi.<\/p>\n","protected":false},"excerpt":{"rendered":"<p>13-nji okt\u00fdabrda Pari\u017e \u015f\u00e4herind\u00e4ki \u00ddelise\u00fd k\u00f6\u015fg\u00fcnde Il\u00e7i M.\u00c7ary\u00fdewi\u0148 Fransi\u00fda Respublikasyny\u0148 Prezidenti Emmanuel Makrona T\u00fcrkmenistany\u0148 Adatdan da\u015fary we Doly ygty\u00fdarly Il\u00e7isi h\u00f6km\u00fcnde ynan\u00e7 hatlaryny gow\u015furyly\u015f dabarasy ge\u00e7irildi. Ynan\u00e7 hatlaryny gow\u015furyly\u015f dabarasyny\u0148 dowamynda Il\u00e7i Fransi\u00fda Respublikasyny\u0148 Prezidenti Emmanuel Makrona T\u00fcrkmenistany\u0148 Prezidenti Serdar Berdimuhamedowy\u0148 hem-de T\u00fcrkmenistany\u0148 Milli Ge\u0148e\u015fini\u0148 Halk Maslahatyny\u0148 Ba\u015flygy Gurbanguly Berdimuhamedowy\u0148 adyndan gyzgyn salamlaryny we i\u0148 [&hellip;]<\/p>\n","protected":false},"author":2,"featured_media":66054,"comment_status":"open","ping_status":"closed","sticky":false,"template":"","format":"standard","meta":{"footnotes":""},"categories":[3],"tags":[],"acf":[],"_links":{"self":[{"href":"https:\/\/zamanturkmenistan.com.tm\/index.php?rest_route=\/wp\/v2\/posts\/66053"}],"collection":[{"href":"https:\/\/zamanturkmenistan.com.tm\/index.php?rest_route=\/wp\/v2\/posts"}],"about":[{"href":"https:\/\/zamanturkmenistan.com.tm\/index.php?rest_route=\/wp\/v2\/types\/post"}],"author":[{"embeddable":true,"href":"https:\/\/zamanturkmenistan.com.tm\/index.php?rest_route=\/wp\/v2\/users\/2"}],"replies":[{"embeddable":true,"href":"https:\/\/zamanturkmenistan.com.tm\/index.php?rest_route=%2Fwp%2Fv2%2Fcomments&post=66053"}],"version-history":[{"count":2,"href":"https:\/\/zamanturkmenistan.com.tm\/index.php?rest_route=\/wp\/v2\/posts\/66053\/revisions"}],"predecessor-version":[{"id":66059,"href":"https:\/\/zamanturkmenistan.com.tm\/index.php?rest_route=\/wp\/v2\/posts\/66053\/revisions\/66059"}],"wp:featuredmedia":[{"embeddable":true,"href":"https:\/\/zamanturkmenistan.com.tm\/index.php?rest_route=\/wp\/v2\/media\/66054"}],"wp:attachment":[{"href":"https:\/\/zamanturkmenistan.com.tm\/index.php?rest_route=%2Fwp%2Fv2%2Fmedia&parent=66053"}],"wp:term":[{"taxonomy":"category","embeddable":true,"href":"https:\/\/zamanturkmenistan.com.tm\/index.php?rest_route=%2Fwp%2Fv2%2Fcategories&post=66053"},{"taxonomy":"post_tag","embeddable":true,"href":"https:\/\/zamanturkmenistan.com.tm\/index.php?rest_route=%2Fwp%2Fv2%2Ftags&post=66053"}],"curies":[{"name":"wp","href":"https:\/\/api.w.org\/{rel}","templated":true}]}}