{"id":66056,"date":"2022-10-18T14:17:38","date_gmt":"2022-10-18T09:17:38","guid":{"rendered":"https:\/\/zamanturkmenistan.com.tm\/?p=66056"},"modified":"2022-10-18T14:17:38","modified_gmt":"2022-10-18T09:17:38","slug":"belgiyanyn-patysasy-turkmenistanyn-ilcisinden-ynanc-hatlaryny-kabul-etdi","status":"publish","type":"post","link":"https:\/\/zamanturkmenistan.com.tm\/?p=66056","title":{"rendered":"Belgi\u00fdany\u0148 Paty\u015fasy T\u00fcrkmenistany\u0148 Il\u00e7isinden ynan\u00e7 hatlaryny kabul etdi"},"content":{"rendered":"<p>13-nji okt\u00fdabrda Br\u00fdussel \u015f\u00e4herinde Il\u00e7i S.P\u00e4lwanowy\u0148 Belgi\u00fdany\u0148 Paty\u015fasy Filippe T\u00fcrkmenistany\u0148 Adatdan da\u015fary we Doly ygty\u00fdarly Il\u00e7isi h\u00f6km\u00fcnde ynan\u00e7 hatlaryny gow\u015furyly\u015f dabarasy ge\u00e7irildi.<\/p>\n<p>Bu \u00e7\u00e4r\u00e4ni\u0148 dowamynda Il\u00e7i Belgi\u00fdany\u0148 Paty\u015fasy Filippe T\u00fcrkmenistany\u0148 Prezidenti Serdar Berdimuhamedowy\u0148 adyndan gyzgyn salamyny we i\u0148 gowy arzuwlaryny \u00fdetirdi.<\/p>\n<p>T\u00fcrkmenistany\u0148 Ba\u015ftutanyny\u0148 adyndan iberilen m\u00e4hirli s\u00f6zler \u00fc\u00e7in minnetdarlyk bildirip, \u00f6z gezeginde Belgi\u00fdany\u0148 Paty\u015fasy Filipp T\u00fcrkmenistany\u0148 Prezidenti Serdar Berdimuhamedowa m\u00e4hirli we dostlukly s\u00f6zlerini, T\u00fcrkmenistany\u0148 halkyna bolsa \u00f6z i\u0148 gowy parahat\u00e7ylyk we abadan\u00e7ylyk arzuwlaryny \u00fdetirmegi ha\u00fdy\u015f etdi.<\/p>\n","protected":false},"excerpt":{"rendered":"<p>13-nji okt\u00fdabrda Br\u00fdussel \u015f\u00e4herinde Il\u00e7i S.P\u00e4lwanowy\u0148 Belgi\u00fdany\u0148 Paty\u015fasy Filippe T\u00fcrkmenistany\u0148 Adatdan da\u015fary we Doly ygty\u00fdarly Il\u00e7isi h\u00f6km\u00fcnde ynan\u00e7 hatlaryny gow\u015furyly\u015f dabarasy ge\u00e7irildi. Bu \u00e7\u00e4r\u00e4ni\u0148 dowamynda Il\u00e7i Belgi\u00fdany\u0148 Paty\u015fasy Filippe T\u00fcrkmenistany\u0148 Prezidenti Serdar Berdimuhamedowy\u0148 adyndan gyzgyn salamyny we i\u0148 gowy arzuwlaryny \u00fdetirdi. T\u00fcrkmenistany\u0148 Ba\u015ftutanyny\u0148 adyndan iberilen m\u00e4hirli s\u00f6zler \u00fc\u00e7in minnetdarlyk bildirip, \u00f6z gezeginde Belgi\u00fdany\u0148 Paty\u015fasy Filipp [&hellip;]<\/p>\n","protected":false},"author":2,"featured_media":66057,"comment_status":"open","ping_status":"closed","sticky":false,"template":"","format":"standard","meta":{"footnotes":""},"categories":[3],"tags":[],"acf":[],"_links":{"self":[{"href":"https:\/\/zamanturkmenistan.com.tm\/index.php?rest_route=\/wp\/v2\/posts\/66056"}],"collection":[{"href":"https:\/\/zamanturkmenistan.com.tm\/index.php?rest_route=\/wp\/v2\/posts"}],"about":[{"href":"https:\/\/zamanturkmenistan.com.tm\/index.php?rest_route=\/wp\/v2\/types\/post"}],"author":[{"embeddable":true,"href":"https:\/\/zamanturkmenistan.com.tm\/index.php?rest_route=\/wp\/v2\/users\/2"}],"replies":[{"embeddable":true,"href":"https:\/\/zamanturkmenistan.com.tm\/index.php?rest_route=%2Fwp%2Fv2%2Fcomments&post=66056"}],"version-history":[{"count":1,"href":"https:\/\/zamanturkmenistan.com.tm\/index.php?rest_route=\/wp\/v2\/posts\/66056\/revisions"}],"predecessor-version":[{"id":66058,"href":"https:\/\/zamanturkmenistan.com.tm\/index.php?rest_route=\/wp\/v2\/posts\/66056\/revisions\/66058"}],"wp:featuredmedia":[{"embeddable":true,"href":"https:\/\/zamanturkmenistan.com.tm\/index.php?rest_route=\/wp\/v2\/media\/66057"}],"wp:attachment":[{"href":"https:\/\/zamanturkmenistan.com.tm\/index.php?rest_route=%2Fwp%2Fv2%2Fmedia&parent=66056"}],"wp:term":[{"taxonomy":"category","embeddable":true,"href":"https:\/\/zamanturkmenistan.com.tm\/index.php?rest_route=%2Fwp%2Fv2%2Fcategories&post=66056"},{"taxonomy":"post_tag","embeddable":true,"href":"https:\/\/zamanturkmenistan.com.tm\/index.php?rest_route=%2Fwp%2Fv2%2Ftags&post=66056"}],"curies":[{"name":"wp","href":"https:\/\/api.w.org\/{rel}","templated":true}]}}