{"id":66259,"date":"2022-10-27T17:27:01","date_gmt":"2022-10-27T12:27:01","guid":{"rendered":"https:\/\/zamanturkmenistan.com.tm\/?p=66259"},"modified":"2022-10-27T17:27:01","modified_gmt":"2022-10-27T12:27:01","slug":"turkmenistanyn-we-koreya-respublikasynyn-dasary-isler-ministrlerinin-dususygy","status":"publish","type":"post","link":"https:\/\/zamanturkmenistan.com.tm\/?p=66259","title":{"rendered":"T\u00fcrkmenistany\u0148 we Kore\u00fda Respublikasyny\u0148 Da\u015fary i\u015fler ministrlerini\u0148 du\u015fu\u015fygy"},"content":{"rendered":"<p>\u00abMerkezi Azi\u00fda &#8211; Kore\u00fda Respublikasy\u00bb Hyzmatda\u015flyk forumyny\u0148 15-nji mejlisini\u0148 i\u015fine\u00a0gatna\u015fmagyny\u0148 \u00e7\u00e4klerinde T\u00fcrkmenistany\u0148 Da\u015fary i\u015fler ministri Ra\u015fid Meredowy\u0148 Kore\u00fda Respublikasyny\u0148 Da\u015fary i\u015fler ministri Pak Jin bilen du\u015fu\u015fygy ge\u00e7irildi.<\/p>\n<p>Geple\u015figi\u0148 dowamynda ministrler T\u00fcrkmenistany\u0148 we Kore\u00fda Respublikasyny\u0148 ikitarapla\u00fdyn we k\u00f6ptarapla\u00fdyn g\u00f6rn\u00fc\u015fd\u00e4ki hyzmatda\u015flygyny\u0148 \u00f6s\u00fc\u015fini\u0148 o\u0148yn depginini kanagatlanma bilen bellediler.<\/p>\n<p>\u015eunu\u0148 bilen baglylykda, diplomatlar \u00abMerkezi Azi\u00fda &#8211; Kore\u00fda Respublikasy\u00bb Hyzmatda\u015flyk forumyny\u0148 i\u015fine \u00fdokary baha berdiler. Bu forumy\u0148 Merkezi Azi\u00fda sebitini\u0148 \u00fdurtlaryny\u0148 we Kore\u00fda Respublikasyny\u0148 arasyndaky hemmetarapla\u00fdyn hyzmatda\u015flygy \u00fcst\u00fcnlikli \u00f6sd\u00fcrmegi\u0148 netijeli gurallaryny\u0148 biri h\u00f6km\u00fcnde \u00f6z\u00fcni g\u00f6rkezendigi nygtaldy.<\/p>\n<p>T\u00fcrkmen da\u015fary sy\u00fdasat edarasyny\u0148 \u00fdolba\u015f\u00e7ysy T\u00fcrkmenistany\u0148 bu forumda ba\u015flyklygy uly jogapk\u00e4r\u00e7ilik we minnetdarlyk du\u00fdgulary bilen kabul ed\u00fd\u00e4ndigini a\u00fddyp, \u015fu g\u00fcnden ba\u015flap 2023-nji \u00fdylda A\u015fgabatda \u00abMerkezi Azi\u00fda &#8211; Kore\u00fda Respublikasy\u00bb Hyzmatda\u015flyk forumyny\u0148 nobatdaky 16-njy mejlisini ge\u00e7irm\u00e4ge i\u015fje\u0148 ta\u00fd\u00fdarlyga ba\u015fla\u00fdandygyny belledi.<\/p>\n<p>T\u00fcrkmenistan bilen Kore\u00fda Respublikasyny\u0148 arasynda ikitarapla\u00fdyn gatna\u015fyklary\u0148 \u00f6sd\u00fcrilmeginde a\u00fdratyn orny parlamentara hyzmatda\u015flygy e\u00fdele\u00fd\u00e4r. R.Meredow bu babatda T\u00fcrkmenistany\u0148 iki \u00fdurdu\u0148 arasyndaky parlamentara gatna\u015fyklaryny\u0148 gi\u0148eldilmegine \u00e4hmi\u00fdet ber\u00fd\u00e4ndigini nygtady. \u015eu \u00fdyly\u0148 no\u00fdabrynda T\u00fcrkmenistany\u0148 Milli Ge\u0148e\u015fini\u0148 Halk Maslahatyny\u0148 Ba\u015flygy Gurbanguly Berdimuhamedowy\u0148 Kore\u00fda Respublikasyna boljak birinji resmi sapary parlament ugry bo\u00fdun\u00e7a, \u015fe\u00fdle hem \u00f6zara gyzyklanma bildiril\u00fd\u00e4n hyzmatda\u015flygy\u0148 be\u00fdleki ugurlary bo\u00fdun\u00e7a d\u00f6wletlerimizi\u0148 arasyndaky ikitarapla\u00fdyn gatna\u015fyklary\u0148 taryhynda t\u00e4ze sahypany a\u00e7makda \u00e4hmi\u00fdetini\u0148 bardygy be\u00fdan edildi.<\/p>\n<p>Ikitarapla\u00fdyn we k\u00f6ptarapla\u00fdyn g\u00fcn tertibini\u0148 meselelerine seretmek bilen, taraplar s\u00f6wda-ykdysady hyzmatda\u015flygyny\u0148 ugurlaryny\u0148 gi\u0148eldilmegine we medeni-ynsanperwer hyzmatda\u015flygyny\u0148 mundan be\u00fdl\u00e4k hem \u00e7u\u0148la\u015fdyrylmagyna \u00f6z ygrarlylygyny g\u00f6rkez\u00fd\u00e4n t\u00fcrkmen-kore\u00fd gatna\u015fyklaryny\u0148 yzygiderli \u00f6s\u00fc\u015fini bell\u00e4p ge\u00e7diler.<\/p>\n","protected":false},"excerpt":{"rendered":"<p>\u00abMerkezi Azi\u00fda &#8211; Kore\u00fda Respublikasy\u00bb Hyzmatda\u015flyk forumyny\u0148 15-nji mejlisini\u0148 i\u015fine\u00a0gatna\u015fmagyny\u0148 \u00e7\u00e4klerinde T\u00fcrkmenistany\u0148 Da\u015fary i\u015fler ministri Ra\u015fid Meredowy\u0148 Kore\u00fda Respublikasyny\u0148 Da\u015fary i\u015fler ministri Pak Jin bilen du\u015fu\u015fygy ge\u00e7irildi. Geple\u015figi\u0148 dowamynda ministrler T\u00fcrkmenistany\u0148 we Kore\u00fda Respublikasyny\u0148 ikitarapla\u00fdyn we k\u00f6ptarapla\u00fdyn g\u00f6rn\u00fc\u015fd\u00e4ki hyzmatda\u015flygyny\u0148 \u00f6s\u00fc\u015fini\u0148 o\u0148yn depginini kanagatlanma bilen bellediler. \u015eunu\u0148 bilen baglylykda, diplomatlar \u00abMerkezi Azi\u00fda &#8211; Kore\u00fda Respublikasy\u00bb Hyzmatda\u015flyk [&hellip;]<\/p>\n","protected":false},"author":2,"featured_media":66260,"comment_status":"open","ping_status":"closed","sticky":false,"template":"","format":"standard","meta":{"footnotes":""},"categories":[3],"tags":[],"acf":[],"_links":{"self":[{"href":"https:\/\/zamanturkmenistan.com.tm\/index.php?rest_route=\/wp\/v2\/posts\/66259"}],"collection":[{"href":"https:\/\/zamanturkmenistan.com.tm\/index.php?rest_route=\/wp\/v2\/posts"}],"about":[{"href":"https:\/\/zamanturkmenistan.com.tm\/index.php?rest_route=\/wp\/v2\/types\/post"}],"author":[{"embeddable":true,"href":"https:\/\/zamanturkmenistan.com.tm\/index.php?rest_route=\/wp\/v2\/users\/2"}],"replies":[{"embeddable":true,"href":"https:\/\/zamanturkmenistan.com.tm\/index.php?rest_route=%2Fwp%2Fv2%2Fcomments&post=66259"}],"version-history":[{"count":1,"href":"https:\/\/zamanturkmenistan.com.tm\/index.php?rest_route=\/wp\/v2\/posts\/66259\/revisions"}],"predecessor-version":[{"id":66261,"href":"https:\/\/zamanturkmenistan.com.tm\/index.php?rest_route=\/wp\/v2\/posts\/66259\/revisions\/66261"}],"wp:featuredmedia":[{"embeddable":true,"href":"https:\/\/zamanturkmenistan.com.tm\/index.php?rest_route=\/wp\/v2\/media\/66260"}],"wp:attachment":[{"href":"https:\/\/zamanturkmenistan.com.tm\/index.php?rest_route=%2Fwp%2Fv2%2Fmedia&parent=66259"}],"wp:term":[{"taxonomy":"category","embeddable":true,"href":"https:\/\/zamanturkmenistan.com.tm\/index.php?rest_route=%2Fwp%2Fv2%2Fcategories&post=66259"},{"taxonomy":"post_tag","embeddable":true,"href":"https:\/\/zamanturkmenistan.com.tm\/index.php?rest_route=%2Fwp%2Fv2%2Ftags&post=66259"}],"curies":[{"name":"wp","href":"https:\/\/api.w.org\/{rel}","templated":true}]}}