{"id":66498,"date":"2022-10-29T13:02:15","date_gmt":"2022-10-29T08:02:15","guid":{"rendered":"https:\/\/zamanturkmenistan.com.tm\/?p=66498"},"modified":"2022-10-29T13:02:15","modified_gmt":"2022-10-29T08:02:15","slug":"yewropanyn-yasyl-paytagty-bolar","status":"publish","type":"post","link":"https:\/\/zamanturkmenistan.com.tm\/?p=66498","title":{"rendered":"\u00ddewropany\u0148 \u201c\u00fda\u015fyl\u201d pa\u00fdtagty bolar"},"content":{"rendered":"<p>Ispani\u00fdany\u0148 Walensi\u00fda \u015f\u00e4heri 2024-nji \u00fdylda \u00ddewropany\u0148 \u201c\u00fda\u015fyl\u201d pa\u00fdtagty bolar. Bu barada \u00ddewropa Komissi\u00fdasyny\u0148 wekilleri \u015fu \u00fdyly\u0148 \u201c\u00fda\u015fyl\u201d pa\u00fdtagty Fransi\u00fdany\u0148 Grenobl \u015f\u00e4herinde ge\u00e7irilen gala ag\u015famynda yglan etdiler. Ondan \u00f6\u0148 Witoria-Gaste\u00fds 2012-nji \u00fdylda bu ady g\u00f6teren Ispani\u00fdany\u0148 \u00fdeke-t\u00e4k \u015f\u00e4heridi.<\/p>\n<p>2010-njy \u00fdyldan b\u00e4ri \u00ddewropa Komissi\u00fdasy tarapyndan beril\u00fd\u00e4n 600 m\u00fc\u0148 \u00fdewro pul ba\u00fdragy, esasan, \u015f\u00e4her ekologi\u00fdasynda \u00ddewropany\u0148 \u201c\u00fda\u015fyl\u201d \u00fd\u00f6relgesine, 2030-njy \u00fdyla \u00e7enli \u00ddewropa Bilele\u015figini\u0148 biod\u00fcrl\u00fcligi goramak strategi\u00fdasyna, BMG-ni\u0148 durnukly \u00f6s\u00fc\u015f maksatnamasyna we be\u00fdleki zerur taslamalara ygrarlylygy \u00fc\u00e7in beril\u00fd\u00e4r.<\/p>\n<p>Walensi\u00fda \u00f6z dala\u015fg\u00e4rligini gorap, \u015f\u00e4herde 594 gektar \u201c\u00fda\u015fyl\u201d me\u00fddanlaryny\u0148 d\u00f6redilmegi \u00fda-da pa\u00fdtagty\u0148 k\u00f6\u00e7elerinde 7,41 ined\u00f6rd\u00fcl metr \u00fdere g\u00f6k aga\u00e7lary\u0148 ekilmegi bilen baglany\u015fykly \u201c\u00fda\u015fyl\u201d taslamalary h\u00f6d\u00fcrledi. Walensi\u00fdalylary\u0148 70 g\u00f6terimini\u0148 \u00f6\u00fdlerini\u0148 t\u00f6weregini \u201c\u00fda\u015fyl\u201d me\u00fddan e\u00fdele\u00fd\u00e4r.<\/p>\n<p>2023-nji \u00fdylda \u00ddewropa Bilele\u015figini\u0148 \u201c\u00fda\u015fyl\u201d pa\u00fdtagty derejesi Fransi\u00fdany\u0148 Grenobl \u015f\u00e4herinden Estoni\u00fdany\u0148 pa\u00fdtagty Tallin \u015f\u00e4herine ge\u00e7er.<\/p>\n<p>Ge\u00e7en \u00fdyllarda Stokgolm, Gamburg, Kopengagen, Nant, Oslo we Lissabon \u00ddewropa Bilele\u015figini\u0148 \u201c\u00fda\u015fyl\u201d pa\u00fdtagtlary bolupdylar. I\u0148 azyndan 100 m\u00fc\u0148 ilaty bolan \u015f\u00e4heri sa\u00fdlamak \u00fc\u00e7in da\u015fky gur\u015fawy\u0148 12 g\u00f6rkezijisi g\u00f6z \u00f6\u0148\u00fcnde tutul\u00fdar: howany\u0148 hili, suwu\u0148 hili, gohu\u0148 derejesi, \u00fderden durnukly pe\u00fddalanmak, galyndylary dolandyrmak, howany\u0148 \u00fc\u00fdtgemegi, durnukly hereket.<\/p>\n<p>\u00ddewropa Bilele\u015figine resmi agza 27 \u00fdurtdan ba\u015fga-da, \u00ddewropa Bilele\u015figine dala\u015f ed\u00fd\u00e4n \u00fdurtlar T\u00fcrki\u00fde, \u00c7ernogori\u00fda, Makedoni\u00fda, Serbi\u00fda, Albani\u00fda we Islandi\u00fda, \u015fe\u00fdle hem \u00ddewropa ykdysady zolagyny\u0148 \u00fdurtlary &#8211; \u015ewe\u00fdsari\u00fda, Norwegi\u00fda we Lihten\u015fte\u00fdn bolup dur\u00fdar.<\/p>\n","protected":false},"excerpt":{"rendered":"<p>Ispani\u00fdany\u0148 Walensi\u00fda \u015f\u00e4heri 2024-nji \u00fdylda \u00ddewropany\u0148 \u201c\u00fda\u015fyl\u201d pa\u00fdtagty bolar. Bu barada \u00ddewropa Komissi\u00fdasyny\u0148 wekilleri \u015fu \u00fdyly\u0148 \u201c\u00fda\u015fyl\u201d pa\u00fdtagty Fransi\u00fdany\u0148 Grenobl \u015f\u00e4herinde ge\u00e7irilen gala ag\u015famynda yglan etdiler. Ondan \u00f6\u0148 Witoria-Gaste\u00fds 2012-nji \u00fdylda bu ady g\u00f6teren Ispani\u00fdany\u0148 \u00fdeke-t\u00e4k \u015f\u00e4heridi. 2010-njy \u00fdyldan b\u00e4ri \u00ddewropa Komissi\u00fdasy tarapyndan beril\u00fd\u00e4n 600 m\u00fc\u0148 \u00fdewro pul ba\u00fdragy, esasan, \u015f\u00e4her ekologi\u00fdasynda \u00ddewropany\u0148 \u201c\u00fda\u015fyl\u201d \u00fd\u00f6relgesine, [&hellip;]<\/p>\n","protected":false},"author":2,"featured_media":66500,"comment_status":"open","ping_status":"closed","sticky":false,"template":"","format":"standard","meta":{"footnotes":""},"categories":[5],"tags":[],"acf":[],"_links":{"self":[{"href":"https:\/\/zamanturkmenistan.com.tm\/index.php?rest_route=\/wp\/v2\/posts\/66498"}],"collection":[{"href":"https:\/\/zamanturkmenistan.com.tm\/index.php?rest_route=\/wp\/v2\/posts"}],"about":[{"href":"https:\/\/zamanturkmenistan.com.tm\/index.php?rest_route=\/wp\/v2\/types\/post"}],"author":[{"embeddable":true,"href":"https:\/\/zamanturkmenistan.com.tm\/index.php?rest_route=\/wp\/v2\/users\/2"}],"replies":[{"embeddable":true,"href":"https:\/\/zamanturkmenistan.com.tm\/index.php?rest_route=%2Fwp%2Fv2%2Fcomments&post=66498"}],"version-history":[{"count":1,"href":"https:\/\/zamanturkmenistan.com.tm\/index.php?rest_route=\/wp\/v2\/posts\/66498\/revisions"}],"predecessor-version":[{"id":66501,"href":"https:\/\/zamanturkmenistan.com.tm\/index.php?rest_route=\/wp\/v2\/posts\/66498\/revisions\/66501"}],"wp:featuredmedia":[{"embeddable":true,"href":"https:\/\/zamanturkmenistan.com.tm\/index.php?rest_route=\/wp\/v2\/media\/66500"}],"wp:attachment":[{"href":"https:\/\/zamanturkmenistan.com.tm\/index.php?rest_route=%2Fwp%2Fv2%2Fmedia&parent=66498"}],"wp:term":[{"taxonomy":"category","embeddable":true,"href":"https:\/\/zamanturkmenistan.com.tm\/index.php?rest_route=%2Fwp%2Fv2%2Fcategories&post=66498"},{"taxonomy":"post_tag","embeddable":true,"href":"https:\/\/zamanturkmenistan.com.tm\/index.php?rest_route=%2Fwp%2Fv2%2Ftags&post=66498"}],"curies":[{"name":"wp","href":"https:\/\/api.w.org\/{rel}","templated":true}]}}