{"id":66505,"date":"2022-10-29T14:02:40","date_gmt":"2022-10-29T09:02:40","guid":{"rendered":"https:\/\/zamanturkmenistan.com.tm\/?p=66505"},"modified":"2022-10-29T14:02:40","modified_gmt":"2022-10-29T09:02:40","slug":"noyabr-ayynda-geciriljek-medeni-careler","status":"publish","type":"post","link":"https:\/\/zamanturkmenistan.com.tm\/?p=66505","title":{"rendered":"No\u00fdabr a\u00fdynda ge\u00e7iriljek medeni \u00e7\u00e4reler"},"content":{"rendered":"<p>28-nji okt\u00ad\u00fdabr\u00adda hor\u00admat\u00adly Pre\u00adzi\u00adden\u00adti\u00admi\u00adzi\u0148 san\u00adly ul\u00adgam ar\u00adka\u00adly Mi\u00adnistr\u00adler Ka\u00adbi\u00adne\u00adti\u00adni\u0148 no\u00adbat\u00adda\u00adky mej\u00adli\u00adsi\u00adni ge\u00ad\u00e7ir\u00addi. On\u00adda \u00fdur\u00addu\u00admy\u00adzy dur\u00admu\u015f-yk\u00addy\u00adsa\u00addy ta\u00fd\u00addan \u00f6s\u00add\u00fcr\u00adme\u00adgi\u0148 mak\u00adsat\u00adna\u00adma\u00adla\u00adry\u00adny \u00fde\u00adri\u00adne \u00fde\u00adtir\u00admek bi\u00adlen bag\u00adla\u00adny\u00ad\u015fyk\u00adly me\u00adse\u00adle\u00adler ara al\u00adnyp mas\u00adla\u00adhat\u00adla\u00ad\u015fyl\u00addy hem-de mil\u00adli yk\u00addy\u00adsa\u00addy\u00ad\u00fde\u00adti\u00admi\u00adzi\u0148 pu\u00addak\u00adla\u00adry\u00adny \u00f6s\u00add\u00fcr\u00adm\u00e4\u00adge g\u00f6\u00adn\u00fck\u00addi\u00adri\u00adlen res\u00admi\u00adna\u00adma\u00adla\u00adry\u0148 tas\u00adla\u00adma\u00adla\u00adry\u00adna ga\u00adral\u00addy.<\/p>\n<p>Ministrler Kabinetini\u0148 Ba\u015flygyny\u0148 orunbasary M.M\u00e4mmedowa \u015fu \u00fdyly\u0148 no\u00fdabr a\u00fdynda ge\u00e7irilmegi me\u00fdille\u015fdiril\u00fd\u00e4n \u00e7\u00e4releri\u0148 we medeni-durmu\u015f maksatly desgalary\u0148 a\u00e7ylyp ulanmaga berilmegi mynasybetli dabaralary\u0148 maksatnamasy barada hasabat berdi.<\/p>\n<p>Ba\u00fdram\u00e7ylyklar we \u015fanly wakalar mynasybetli d\u00fcrli maslahatlary, \u201ctegelek stol\u201d s\u00f6hbetde\u015fliklerini, d\u00f6redijilik du\u015fu\u015fyklaryny, brifingleri, mediaforumlary, konsertleri hem-de wagyz-nesihat \u00e7\u00e4relerini ge\u00e7irmek me\u00fdille\u015fdiril\u00fd\u00e4r. Bulardan ba\u015fga-da, \u00fdurdumyzy\u0148 wela\u00fdatlarynda we A\u015fgabat \u015f\u00e4herinde d\u00fcrli sport \u00fdary\u015flaryny, uniwersiadalary, spartakiadalary ge\u00e7irmek g\u00f6z \u00f6\u0148\u00fcnde tutul\u00fdar.<\/p>\n<p>No\u00fdabr a\u00fdynda \u00fdurdumyzda \u00e4hlihalk bag ekmek dabarasy, S\u00f6wda-senagat edarasynda \u201cT\u00fcrkmentel \u2014 2022\u201d atly halkara sergi we ylmy maslahat, \u201cSanly \u00e7\u00f6zg\u00fct \u2014 2022\u201d atly innowasion taslamalary\u0148 b\u00e4sle\u015figi ge\u00e7iriler.<\/p>\n<p>A\u015fgabatda we \u00fdurdumyzy\u0148 wela\u00fdatlarynda Hasyl to\u00fdy mynasybetli dabaraly ba\u00fdram\u00e7ylyk \u00e7\u00e4releri, no\u00fdabry\u0148 ikinji ong\u00fcnl\u00fcginde Da\u015foguz \u015f\u00e4herinde t\u00fcrkmen we \u00f6zbek halklaryny\u0148 dostluk festiwaly guralar. \u201cT\u00fcrkmenistany\u0148 taryhy we medeni \u00fdadyg\u00e4rlikleri: \u00f6wrenmek, gorap saklamak we rejelemek tejribesi\u201d atly halkara ylmy maslahat, \u015fe\u00fdle-de Merkezi Azi\u00fda \u00fdurtlaryny\u0148 \u00e7eper elli zenanlaryny\u0148 halkara jemgy\u00fdetini\u0148 sanly ulgam arkaly mejlisi no\u00fdabr a\u00fdynda ge\u00e7iriljek be\u00fdleki halkara \u00e7\u00e4releri\u0148 hatarynda bolar.<\/p>\n<p>Hormatly Prezidentimiz Serdar Berdimuhamedow no\u00fdabr a\u00fdynda ge\u00e7iriljek ba\u00fdram\u00e7ylyk dabaralaryny\u0148 we be\u00fdleki medeni \u00e7\u00e4releri\u0148 t\u00fcrkmen jemgy\u00fdetini\u0148 depginli \u00f6s\u00fc\u015find\u00e4ki \u00e4hmi\u00fdetini bell\u00e4p, olary \u00fdokary gurama\u00e7ylyk derejesinde ge\u00e7irmegi tab\u015fyrdy. D\u00f6wlet Ba\u015ftutanymyz bu \u00e7\u00e4releri\u0148 her birini\u0148 \u00f6z\u00fcnde watan\u00e7ylyk du\u00fdgularyny, ahlak gymmatlyklaryny jemlemelidigini, milli medeni d\u00e4pleri\u0148 bu ugurdaky innowasi\u00fdalar bilen sazla\u015fmagy arkaly \u00fdokary \u00e7eper\u00e7iligi bilen tapawutlanmalydygyny bell\u00e4p, wise-prem\u00fdere bu babatda birn\u00e4\u00e7e anyk tab\u015fyryklary berdi.<\/p>\n","protected":false},"excerpt":{"rendered":"<p>28-nji okt\u00ad\u00fdabr\u00adda hor\u00admat\u00adly Pre\u00adzi\u00adden\u00adti\u00admi\u00adzi\u0148 san\u00adly ul\u00adgam ar\u00adka\u00adly Mi\u00adnistr\u00adler Ka\u00adbi\u00adne\u00adti\u00adni\u0148 no\u00adbat\u00adda\u00adky mej\u00adli\u00adsi\u00adni ge\u00ad\u00e7ir\u00addi. On\u00adda \u00fdur\u00addu\u00admy\u00adzy dur\u00admu\u015f-yk\u00addy\u00adsa\u00addy ta\u00fd\u00addan \u00f6s\u00add\u00fcr\u00adme\u00adgi\u0148 mak\u00adsat\u00adna\u00adma\u00adla\u00adry\u00adny \u00fde\u00adri\u00adne \u00fde\u00adtir\u00admek bi\u00adlen bag\u00adla\u00adny\u00ad\u015fyk\u00adly me\u00adse\u00adle\u00adler ara al\u00adnyp mas\u00adla\u00adhat\u00adla\u00ad\u015fyl\u00addy hem-de mil\u00adli yk\u00addy\u00adsa\u00addy\u00ad\u00fde\u00adti\u00admi\u00adzi\u0148 pu\u00addak\u00adla\u00adry\u00adny \u00f6s\u00add\u00fcr\u00adm\u00e4\u00adge g\u00f6\u00adn\u00fck\u00addi\u00adri\u00adlen res\u00admi\u00adna\u00adma\u00adla\u00adry\u0148 tas\u00adla\u00adma\u00adla\u00adry\u00adna ga\u00adral\u00addy. Ministrler Kabinetini\u0148 Ba\u015flygyny\u0148 orunbasary M.M\u00e4mmedowa \u015fu \u00fdyly\u0148 no\u00fdabr a\u00fdynda ge\u00e7irilmegi me\u00fdille\u015fdiril\u00fd\u00e4n \u00e7\u00e4releri\u0148 we medeni-durmu\u015f maksatly desgalary\u0148 a\u00e7ylyp ulanmaga berilmegi mynasybetli [&hellip;]<\/p>\n","protected":false},"author":2,"featured_media":60402,"comment_status":"open","ping_status":"closed","sticky":false,"template":"","format":"standard","meta":{"footnotes":""},"categories":[3],"tags":[],"acf":[],"_links":{"self":[{"href":"https:\/\/zamanturkmenistan.com.tm\/index.php?rest_route=\/wp\/v2\/posts\/66505"}],"collection":[{"href":"https:\/\/zamanturkmenistan.com.tm\/index.php?rest_route=\/wp\/v2\/posts"}],"about":[{"href":"https:\/\/zamanturkmenistan.com.tm\/index.php?rest_route=\/wp\/v2\/types\/post"}],"author":[{"embeddable":true,"href":"https:\/\/zamanturkmenistan.com.tm\/index.php?rest_route=\/wp\/v2\/users\/2"}],"replies":[{"embeddable":true,"href":"https:\/\/zamanturkmenistan.com.tm\/index.php?rest_route=%2Fwp%2Fv2%2Fcomments&post=66505"}],"version-history":[{"count":1,"href":"https:\/\/zamanturkmenistan.com.tm\/index.php?rest_route=\/wp\/v2\/posts\/66505\/revisions"}],"predecessor-version":[{"id":66506,"href":"https:\/\/zamanturkmenistan.com.tm\/index.php?rest_route=\/wp\/v2\/posts\/66505\/revisions\/66506"}],"wp:featuredmedia":[{"embeddable":true,"href":"https:\/\/zamanturkmenistan.com.tm\/index.php?rest_route=\/wp\/v2\/media\/60402"}],"wp:attachment":[{"href":"https:\/\/zamanturkmenistan.com.tm\/index.php?rest_route=%2Fwp%2Fv2%2Fmedia&parent=66505"}],"wp:term":[{"taxonomy":"category","embeddable":true,"href":"https:\/\/zamanturkmenistan.com.tm\/index.php?rest_route=%2Fwp%2Fv2%2Fcategories&post=66505"},{"taxonomy":"post_tag","embeddable":true,"href":"https:\/\/zamanturkmenistan.com.tm\/index.php?rest_route=%2Fwp%2Fv2%2Ftags&post=66505"}],"curies":[{"name":"wp","href":"https:\/\/api.w.org\/{rel}","templated":true}]}}