{"id":66507,"date":"2022-10-29T14:30:51","date_gmt":"2022-10-29T09:30:51","guid":{"rendered":"https:\/\/zamanturkmenistan.com.tm\/?p=66507"},"modified":"2022-10-29T14:32:06","modified_gmt":"2022-10-29T09:32:06","slug":"pandemiya-dowrunde-doredilen-eser","status":"publish","type":"post","link":"https:\/\/zamanturkmenistan.com.tm\/?p=66507","title":{"rendered":"Pandemi\u00fda d\u00f6wr\u00fcnde kitap \u00fdazdy"},"content":{"rendered":"<p>Islandi\u00fdany\u0148 h\u00f6k\u00fcmet ba\u015flygy Katrin \u00ddakobsdouttir koronawirus pandemi\u00fdasy d\u00f6wr\u00fcnde \u00f6z\u00fcni\u0148 gowy g\u00f6r\u00fd\u00e4n i\u015fine wagt tapyp, detektiw roman \u00fdazandygyny g\u00fcrr\u00fc\u0148 berdi. Ol bu romany\u0148 \u00fcst\u00fcnde detektiv \u00fdazyjy Ragnar Jonasson bilen birlikde i\u015fledi.<\/p>\n<p>Prem\u00fder-ministri\u0148 \u201cRe\u00fdk\u00fdawik\u201d romany 25-nji okt\u00fdabrda Islandi\u00fdada ne\u015fir edildi. Prem\u00fder-ministr 1999-njy \u00fdylda Islandi\u00fda uniwersitetini filologi\u00fda b\u00f6l\u00fcmini gutar\u00fdar. \u015ee\u00fdle hem, island edebi\u00fdaty bo\u00fdun\u00e7a magistrlik dissertasi\u00fdasyny gora\u00fdar.<\/p>\n<p>H\u00f6k\u00fcmeti\u0148 ba\u015flygy \u00e7eper eserleri okamaga wagt tap\u00fdandygyny, esasan hem, jena\u00fdat i\u015flerini alyp bar\u00fdan a\u0148ta\u00fdjylar baradaky eserleri hala\u00fdandygyny g\u00fcrr\u00fc\u0148 berdi.<\/p>\n<p>T\u00e4ze kitapdaky wakalar 1986-njy \u00fdylda, Re\u00fdk\u00fdawigi\u0148 200 \u00fdyllygy bellen\u00fd\u00e4n wagty hem-de \u015f\u00e4herde AB\u015e-ny\u0148 Prezidenti Ronald Re\u00fdgan bilen SSSR-i\u0148 Ba\u015f sekretary Mihail Gorba\u00e7\u00fdowy\u0148 du\u015fu\u015f\u00fdan wagty bolup ge\u00e7\u00fd\u00e4r.<\/p>\n","protected":false},"excerpt":{"rendered":"<p>Islandi\u00fdany\u0148 h\u00f6k\u00fcmet ba\u015flygy Katrin \u00ddakobsdouttir koronawirus pandemi\u00fdasy d\u00f6wr\u00fcnde \u00f6z\u00fcni\u0148 gowy g\u00f6r\u00fd\u00e4n i\u015fine wagt tapyp, detektiw roman \u00fdazandygyny g\u00fcrr\u00fc\u0148 berdi. Ol bu romany\u0148 \u00fcst\u00fcnde detektiv \u00fdazyjy Ragnar Jonasson bilen birlikde i\u015fledi. Prem\u00fder-ministri\u0148 \u201cRe\u00fdk\u00fdawik\u201d romany 25-nji okt\u00fdabrda Islandi\u00fdada ne\u015fir edildi. Prem\u00fder-ministr 1999-njy \u00fdylda Islandi\u00fda uniwersitetini filologi\u00fda b\u00f6l\u00fcmini gutar\u00fdar. \u015ee\u00fdle hem, island edebi\u00fdaty bo\u00fdun\u00e7a magistrlik dissertasi\u00fdasyny gora\u00fdar. H\u00f6k\u00fcmeti\u0148 [&hellip;]<\/p>\n","protected":false},"author":2,"featured_media":66508,"comment_status":"open","ping_status":"closed","sticky":false,"template":"","format":"standard","meta":{"footnotes":""},"categories":[5],"tags":[],"acf":[],"_links":{"self":[{"href":"https:\/\/zamanturkmenistan.com.tm\/index.php?rest_route=\/wp\/v2\/posts\/66507"}],"collection":[{"href":"https:\/\/zamanturkmenistan.com.tm\/index.php?rest_route=\/wp\/v2\/posts"}],"about":[{"href":"https:\/\/zamanturkmenistan.com.tm\/index.php?rest_route=\/wp\/v2\/types\/post"}],"author":[{"embeddable":true,"href":"https:\/\/zamanturkmenistan.com.tm\/index.php?rest_route=\/wp\/v2\/users\/2"}],"replies":[{"embeddable":true,"href":"https:\/\/zamanturkmenistan.com.tm\/index.php?rest_route=%2Fwp%2Fv2%2Fcomments&post=66507"}],"version-history":[{"count":2,"href":"https:\/\/zamanturkmenistan.com.tm\/index.php?rest_route=\/wp\/v2\/posts\/66507\/revisions"}],"predecessor-version":[{"id":66510,"href":"https:\/\/zamanturkmenistan.com.tm\/index.php?rest_route=\/wp\/v2\/posts\/66507\/revisions\/66510"}],"wp:featuredmedia":[{"embeddable":true,"href":"https:\/\/zamanturkmenistan.com.tm\/index.php?rest_route=\/wp\/v2\/media\/66508"}],"wp:attachment":[{"href":"https:\/\/zamanturkmenistan.com.tm\/index.php?rest_route=%2Fwp%2Fv2%2Fmedia&parent=66507"}],"wp:term":[{"taxonomy":"category","embeddable":true,"href":"https:\/\/zamanturkmenistan.com.tm\/index.php?rest_route=%2Fwp%2Fv2%2Fcategories&post=66507"},{"taxonomy":"post_tag","embeddable":true,"href":"https:\/\/zamanturkmenistan.com.tm\/index.php?rest_route=%2Fwp%2Fv2%2Ftags&post=66507"}],"curies":[{"name":"wp","href":"https:\/\/api.w.org\/{rel}","templated":true}]}}