{"id":66511,"date":"2022-10-29T14:55:00","date_gmt":"2022-10-29T09:55:00","guid":{"rendered":"https:\/\/zamanturkmenistan.com.tm\/?p=66511"},"modified":"2022-10-29T14:55:00","modified_gmt":"2022-10-29T09:55:00","slug":"taze-hokumetin-agzalary-tassyklandy","status":"publish","type":"post","link":"https:\/\/zamanturkmenistan.com.tm\/?p=66511","title":{"rendered":"T\u00e4ze h\u00f6k\u00fcmeti\u0148 agzalary tassyklandy"},"content":{"rendered":"<p>Yragy\u0148 parlamenti Muhammed \u015eia as-Sudanini\u0148 ba\u015ftutanlygyndaky t\u00e4ze h\u00f6k\u00fcmeti\u0148 agzalaryny tassyklady. Bu barada \u201cInterfax.ru\u201d habar berdi.<\/p>\n<p>\u00ddurdu\u0148 parlamenti t\u00e4ze Prem\u00fder-ministr Muhammed \u015eia as-Sudani tarapyndan teklip edilen 21 ministrden ybarat bolan t\u00e4ze h\u00f6k\u00fcmeti\u0148 agzalaryny tassyklady. T\u00e4ze h\u00f6k\u00fcmet \u00fdurtda iki \u00fdyldan hem uzaga \u00e7eken sy\u00fdasy \u00e7\u00f6kg\u00fcnlikden so\u0148ra i\u015f ba\u015fyna geldi.<\/p>\n<p>13-nji okt\u00fdabrda Yragy\u0148 t\u00e4ze Prezidenti Abdel Latif Re\u015fid resmi ta\u00fddan d\u00f6wlet Ba\u015ftutany h\u00f6km\u00fcnde kasam kabul etdi. Ol wezipesine giri\u015fenden so\u0148, Muhammet al-Sudany h\u00f6k\u00fcmet ba\u015flygy edip belledi. Al-Sudany\u0148 Prem\u00fder-ministrlige dala\u015fg\u00e4rligini \u015fa\u00fdy parlament bilele\u015figi \u201cUtga\u015fdyryjy g\u00fc\u00fd\u00e7ler\u201d h\u00f6d\u00fcrledi. Al-Sudani Yragy\u0148 Prezidentini\u0148 \u00f6z\u00fcne \u00fdurdu\u0148 parlamentind\u00e4ki i\u0148 uly sy\u00fdasy blogy\u0148 wekili h\u00f6km\u00fcnde t\u00e4ze h\u00f6k\u00fcmeti gurmagy tab\u015fyrandygyny a\u00fdtdy.<\/p>\n","protected":false},"excerpt":{"rendered":"<p>Yragy\u0148 parlamenti Muhammed \u015eia as-Sudanini\u0148 ba\u015ftutanlygyndaky t\u00e4ze h\u00f6k\u00fcmeti\u0148 agzalaryny tassyklady. Bu barada \u201cInterfax.ru\u201d habar berdi. \u00ddurdu\u0148 parlamenti t\u00e4ze Prem\u00fder-ministr Muhammed \u015eia as-Sudani tarapyndan teklip edilen 21 ministrden ybarat bolan t\u00e4ze h\u00f6k\u00fcmeti\u0148 agzalaryny tassyklady. T\u00e4ze h\u00f6k\u00fcmet \u00fdurtda iki \u00fdyldan hem uzaga \u00e7eken sy\u00fdasy \u00e7\u00f6kg\u00fcnlikden so\u0148ra i\u015f ba\u015fyna geldi. 13-nji okt\u00fdabrda Yragy\u0148 t\u00e4ze Prezidenti Abdel Latif Re\u015fid [&hellip;]<\/p>\n","protected":false},"author":2,"featured_media":66512,"comment_status":"open","ping_status":"closed","sticky":false,"template":"","format":"standard","meta":{"footnotes":""},"categories":[5],"tags":[],"acf":[],"_links":{"self":[{"href":"https:\/\/zamanturkmenistan.com.tm\/index.php?rest_route=\/wp\/v2\/posts\/66511"}],"collection":[{"href":"https:\/\/zamanturkmenistan.com.tm\/index.php?rest_route=\/wp\/v2\/posts"}],"about":[{"href":"https:\/\/zamanturkmenistan.com.tm\/index.php?rest_route=\/wp\/v2\/types\/post"}],"author":[{"embeddable":true,"href":"https:\/\/zamanturkmenistan.com.tm\/index.php?rest_route=\/wp\/v2\/users\/2"}],"replies":[{"embeddable":true,"href":"https:\/\/zamanturkmenistan.com.tm\/index.php?rest_route=%2Fwp%2Fv2%2Fcomments&post=66511"}],"version-history":[{"count":1,"href":"https:\/\/zamanturkmenistan.com.tm\/index.php?rest_route=\/wp\/v2\/posts\/66511\/revisions"}],"predecessor-version":[{"id":66513,"href":"https:\/\/zamanturkmenistan.com.tm\/index.php?rest_route=\/wp\/v2\/posts\/66511\/revisions\/66513"}],"wp:featuredmedia":[{"embeddable":true,"href":"https:\/\/zamanturkmenistan.com.tm\/index.php?rest_route=\/wp\/v2\/media\/66512"}],"wp:attachment":[{"href":"https:\/\/zamanturkmenistan.com.tm\/index.php?rest_route=%2Fwp%2Fv2%2Fmedia&parent=66511"}],"wp:term":[{"taxonomy":"category","embeddable":true,"href":"https:\/\/zamanturkmenistan.com.tm\/index.php?rest_route=%2Fwp%2Fv2%2Fcategories&post=66511"},{"taxonomy":"post_tag","embeddable":true,"href":"https:\/\/zamanturkmenistan.com.tm\/index.php?rest_route=%2Fwp%2Fv2%2Ftags&post=66511"}],"curies":[{"name":"wp","href":"https:\/\/api.w.org\/{rel}","templated":true}]}}