{"id":66547,"date":"2022-10-31T09:41:13","date_gmt":"2022-10-31T04:41:13","guid":{"rendered":"https:\/\/zamanturkmenistan.com.tm\/?p=66547"},"modified":"2022-10-31T09:41:13","modified_gmt":"2022-10-31T04:41:13","slug":"yylyn-turkmen-edermen-alabayy-saylandy","status":"publish","type":"post","link":"https:\/\/zamanturkmenistan.com.tm\/?p=66547","title":{"rendered":"\u00ab\u00ddyly\u0148 t\u00fcrkmen edermen alaba\u00fdy\u00bb sa\u00fdlandy"},"content":{"rendered":"<p>30-njy okt\u00fdabrda T\u00fcrkmen alaba\u00fdyny\u0148 ba\u00fdramy gi\u0148den bellenildi. \u015eu mynasybetli Halkara \u00abT\u00fcrkmen alaba\u00fd itleri\u00bb assosiasi\u00fdasyny\u0148 toplumynda ba\u00fdram\u00e7ylyk dabaralary \u00fda\u00fdba\u0148landyryldy.<\/p>\n<p>\u00c7\u00e4r\u00e4ni\u0148 hormatly myhmanlary toplumy\u0148 esasy girelgesini\u0148 \u00f6\u0148\u00fcnde medeni\u00fdet we sungat ussatlary tarapyndan ta\u00fd\u00fdarlanan a\u00fddym-sazly \u00e7yky\u015flara toma\u015fa edip, amaly-ha\u015fam sungatyny\u0148 k\u00f6p\u00f6w\u00fc\u015fginliligini hem-de t\u00fcrkmen alaba\u00fd itlerini\u0148 da\u015fky ke\u015fbini \u015fekillendiri\u015f we amaly-ha\u015fam sungaty eserlerinde, fotosuratlarda \u00e7eper be\u00fdan ed\u00fd\u00e4n sergini synladylar. Toplumy\u0148 b\u00e4sle\u015fik ge\u00e7iril\u00fd\u00e4n me\u00fddan\u00e7asynda t\u00fcrkmen alaba\u00fdlaryny\u0148 g\u00f6rkezme \u00e7yky\u015flaryna gi\u0148 orun berildi.<\/p>\n<p>So\u0148ra T\u00fcrkmen alaba\u00fdyny\u0148 ba\u00fdramy mynasybetli yglan edilen \u00ab\u00ddyly\u0148 t\u00fcrkmen edermen alaba\u00fdy\u00bb atly halkara b\u00e4sle\u015figi\u0148 jemle\u00fdji tapgyryna badalga berildi. Syn edi\u015f me\u00fddan\u00e7asyna \u00fdurdumyzy\u0148 d\u00fcrli k\u00fcnjeklerinden deslapky tapgyrlarda sa\u00fdlanyp alnan i\u0148 o\u0148at alaba\u00fdlary\u0148 10-sy \u00e7ykaryldy. Tohum itleri\u0148 her bir wekili ady, \u00fda\u015fy, nesil \u015fejeresi baradaky maglumaty, e\u00fdesi bilen tany\u015fdyrylyp, eminlere we toma\u015fa\u00e7ylara g\u00f6rkezildi. Itleri\u0148 e\u00fdeleri \u00f6z wepaly dostlaryny\u0148 da\u015f ke\u015fbini\u0148 a\u00fdratynlyklaryny hem-de ba\u015farnyklaryny a\u00e7yp g\u00f6rkezdiler. B\u00e4sle\u015fige gatna\u015f\u00fdan alaba\u00fdlary\u0148 \u00f6\u0148\u00fcnde anyk wezipeler, \u015fol sanda birn\u00e4\u00e7e gurallardan ybarat bolan p\u00e4sgel\u00e7iliklerden a\u015fmak \u00fdaly ugurlar go\u00fduldy.<\/p>\n<p>Gyzgala\u0148ly pursat gelip \u00fdetdi: eminler toparyny\u0148 ba\u015flygy b\u00e4sle\u015figi\u0148 \u00fde\u0148ijisini yglan etdi. \u015eunlukda, \u00ab\u00ddyly\u0148 t\u00fcrkmen edermen alaba\u00fdy\u00bb di\u00fden derej\u00e4 I\u00e7eri i\u015fler ministrligine degi\u015fli Go\u0148urhan atly t\u00fcrkmen alaba\u00fdy mynasyp boldy. Halkara b\u00e4sle\u015figi\u0148 \u00fde\u0148ijisine T\u00fcrkmenistany\u0148 Prezidentini\u0148 Ba\u015f ba\u00fdragy bolan \u00fde\u0148il awtoulagy\u0148 a\u00e7ary, \u00fd\u00f6rite medal, g\u00f6\u00e7me kubok we diplom gow\u015furyldy.<\/p>\n<p>\u015ee\u00fdle-de bu \u00fderde t\u00fcrkmen alaba\u00fdyny\u0148 da\u015fky ke\u015fbini \u015fekillendiri\u015f we amaly-ha\u015fam sungaty eserlerinde, ne\u015fir \u00f6n\u00fcmlerinde, tele\u00fda\u00fdlymlarda \u00e7eper be\u00fdan etmek bo\u00fdun\u00e7a ge\u00e7irilen d\u00f6redijilik b\u00e4sle\u015figini\u0148 \u00fde\u0148ijileri yglan edilip, olara T\u00fcrkmenistany\u0148 Prezidentini\u0148 adyndan gymmat bahaly sowgatlar we \u015fahadatnamalar gow\u015furyldy.<\/p>\n","protected":false},"excerpt":{"rendered":"<p>30-njy okt\u00fdabrda T\u00fcrkmen alaba\u00fdyny\u0148 ba\u00fdramy gi\u0148den bellenildi. \u015eu mynasybetli Halkara \u00abT\u00fcrkmen alaba\u00fd itleri\u00bb assosiasi\u00fdasyny\u0148 toplumynda ba\u00fdram\u00e7ylyk dabaralary \u00fda\u00fdba\u0148landyryldy. \u00c7\u00e4r\u00e4ni\u0148 hormatly myhmanlary toplumy\u0148 esasy girelgesini\u0148 \u00f6\u0148\u00fcnde medeni\u00fdet we sungat ussatlary tarapyndan ta\u00fd\u00fdarlanan a\u00fddym-sazly \u00e7yky\u015flara toma\u015fa edip, amaly-ha\u015fam sungatyny\u0148 k\u00f6p\u00f6w\u00fc\u015fginliligini hem-de t\u00fcrkmen alaba\u00fd itlerini\u0148 da\u015fky ke\u015fbini \u015fekillendiri\u015f we amaly-ha\u015fam sungaty eserlerinde, fotosuratlarda \u00e7eper be\u00fdan ed\u00fd\u00e4n sergini synladylar. [&hellip;]<\/p>\n","protected":false},"author":2,"featured_media":66548,"comment_status":"open","ping_status":"closed","sticky":false,"template":"","format":"standard","meta":{"footnotes":""},"categories":[3],"tags":[],"acf":[],"_links":{"self":[{"href":"https:\/\/zamanturkmenistan.com.tm\/index.php?rest_route=\/wp\/v2\/posts\/66547"}],"collection":[{"href":"https:\/\/zamanturkmenistan.com.tm\/index.php?rest_route=\/wp\/v2\/posts"}],"about":[{"href":"https:\/\/zamanturkmenistan.com.tm\/index.php?rest_route=\/wp\/v2\/types\/post"}],"author":[{"embeddable":true,"href":"https:\/\/zamanturkmenistan.com.tm\/index.php?rest_route=\/wp\/v2\/users\/2"}],"replies":[{"embeddable":true,"href":"https:\/\/zamanturkmenistan.com.tm\/index.php?rest_route=%2Fwp%2Fv2%2Fcomments&post=66547"}],"version-history":[{"count":1,"href":"https:\/\/zamanturkmenistan.com.tm\/index.php?rest_route=\/wp\/v2\/posts\/66547\/revisions"}],"predecessor-version":[{"id":66549,"href":"https:\/\/zamanturkmenistan.com.tm\/index.php?rest_route=\/wp\/v2\/posts\/66547\/revisions\/66549"}],"wp:featuredmedia":[{"embeddable":true,"href":"https:\/\/zamanturkmenistan.com.tm\/index.php?rest_route=\/wp\/v2\/media\/66548"}],"wp:attachment":[{"href":"https:\/\/zamanturkmenistan.com.tm\/index.php?rest_route=%2Fwp%2Fv2%2Fmedia&parent=66547"}],"wp:term":[{"taxonomy":"category","embeddable":true,"href":"https:\/\/zamanturkmenistan.com.tm\/index.php?rest_route=%2Fwp%2Fv2%2Fcategories&post=66547"},{"taxonomy":"post_tag","embeddable":true,"href":"https:\/\/zamanturkmenistan.com.tm\/index.php?rest_route=%2Fwp%2Fv2%2Ftags&post=66547"}],"curies":[{"name":"wp","href":"https:\/\/api.w.org\/{rel}","templated":true}]}}