{"id":66620,"date":"2022-10-31T16:40:24","date_gmt":"2022-10-31T11:40:24","guid":{"rendered":"https:\/\/zamanturkmenistan.com.tm\/?p=66620"},"modified":"2022-10-31T16:40:24","modified_gmt":"2022-10-31T11:40:24","slug":"in-guycli-prosessory-ondurdi","status":"publish","type":"post","link":"https:\/\/zamanturkmenistan.com.tm\/?p=66620","title":{"rendered":"I\u0148 g\u00fc\u00fd\u00e7li prosessory \u00f6nd\u00fcrdi"},"content":{"rendered":"<p>\u00dda\u00adrym\u00adge\u00ad\u00e7i\u00adri\u00adji \u00f6n\u00fcm\u00ad\u00e7i\u00adli\u00adgin\u00adde \u00f6\u0148\u00adde\u00adba\u00adry\u00adjy kom\u00adpa\u00adni\u00ad\u00fda\u00adla\u00adry\u0148 bi\u00adri bo\u00adlan \u201cIn\u00adtel\u201d d\u00fcn\u00ad\u00fd\u00e4\u00adni\u0148 i\u0148 tiz mik\u00adrop\u00adro\u00adses\u00adso\u00adry\u00adny \u00f6n\u00add\u00fcr\u00addi. 2014-nji \u00fdyl\u00addan b\u00e4\u00adri AMD ta\u00adra\u00adpyn\u00addan \u00f6n\u00add\u00fc\u00adri\u00adlen \u201cFX-8370\u201d mik\u00adrop\u00adro\u00adses\u00adso\u00adry i\u0148 \u00e7al\u00adty ha\u00adsap\u00adlan\u00ad\u00fdar\u00addy. \u015eon\u00addan b\u00e4\u00adri tiz\u00adli\u00adgi 8,72 Gi\u00adga\u00adgers \u00fde\u00adten ba\u015f\u00adga pro\u00adses\u00adsor bol\u00adman\u00addy. \u201cIn\u00adtel\u201d 13-nji nes\u00adle de\u00adgi\u015f\u00adli \u201cAl\u00adder La\u00adke\u201d mik\u00adrop\u00adro\u00adses\u00adsor\u00adla\u00adryn\u00addan bi\u00adri bo\u00adlan \u201cIn\u00adtel Core i9-13900K\u201d ge\u00ad\u00e7i\u00adri\u00adlen sy\u00adnag\u00adda 8,812 Gi\u00adga\u00adgers tiz\u00adli\u00adge \u00fdet\u00addi.<br \/>\nGers sa\u00adgat\u00adda\u00adky tiz\u00adli\u00adgi a\u0148\u00adla\u00addyp, bir se\u00adkun\u00addy\u0148 do\u00adwa\u00admyn\u00adda \u00fde\u00adri\u00adne \u00fde\u00adti\u00adrip bol\u00adjak i\u0148 k\u00f6p ama\u00adly a\u0148\u00adlad\u00ad\u00fdar. Mik\u00adrop\u00adro\u00adses\u00adso\u00adry\u0148 g\u00fc\u00fd\u00adji \u015fol en\u00adja\u00admy\u0148 mag\u00adlu\u00admat ge\u00ad\u00e7i\u00adri\u015f tiz\u00adli\u00adgi\u00adne t\u00e4\u00adsir edip, amal\u00adla\u00adry \u00fde\u00adri\u00adne \u00fde\u00adtir\u00adm\u00e4\u00adge \u00fdar\u00addam ed\u00ad\u00fd\u00e4r.<\/p>\n<p style=\"text-align: right;\"><strong>Mu\u00adham\u00admet\u00admy\u00adrat A\u015fy\u00adrow, T\u00fcrk\u00adme\u00adnis\u00adta\u00adny\u0148 In\u00ad\u017ee\u00adner-teh\u00adni\u00adki we ulag kom\u00admu\u00adni\u00adka\u00adsia\u00adla\u00adry ins\u00adti\u00adtu\u00adty\u00adny\u0148 ta\u00adly\u00adby<\/strong><\/p>\n","protected":false},"excerpt":{"rendered":"<p>\u00dda\u00adrym\u00adge\u00ad\u00e7i\u00adri\u00adji \u00f6n\u00fcm\u00ad\u00e7i\u00adli\u00adgin\u00adde \u00f6\u0148\u00adde\u00adba\u00adry\u00adjy kom\u00adpa\u00adni\u00ad\u00fda\u00adla\u00adry\u0148 bi\u00adri bo\u00adlan \u201cIn\u00adtel\u201d d\u00fcn\u00ad\u00fd\u00e4\u00adni\u0148 i\u0148 tiz mik\u00adrop\u00adro\u00adses\u00adso\u00adry\u00adny \u00f6n\u00add\u00fcr\u00addi. 2014-nji \u00fdyl\u00addan b\u00e4\u00adri AMD ta\u00adra\u00adpyn\u00addan \u00f6n\u00add\u00fc\u00adri\u00adlen \u201cFX-8370\u201d mik\u00adrop\u00adro\u00adses\u00adso\u00adry i\u0148 \u00e7al\u00adty ha\u00adsap\u00adlan\u00ad\u00fdar\u00addy. \u015eon\u00addan b\u00e4\u00adri tiz\u00adli\u00adgi 8,72 Gi\u00adga\u00adgers \u00fde\u00adten ba\u015f\u00adga pro\u00adses\u00adsor bol\u00adman\u00addy. \u201cIn\u00adtel\u201d 13-nji nes\u00adle de\u00adgi\u015f\u00adli \u201cAl\u00adder La\u00adke\u201d mik\u00adrop\u00adro\u00adses\u00adsor\u00adla\u00adryn\u00addan bi\u00adri bo\u00adlan \u201cIn\u00adtel Core i9-13900K\u201d ge\u00ad\u00e7i\u00adri\u00adlen sy\u00adnag\u00adda 8,812 Gi\u00adga\u00adgers tiz\u00adli\u00adge \u00fdet\u00addi. Gers sa\u00adgat\u00adda\u00adky tiz\u00adli\u00adgi a\u0148\u00adla\u00addyp, bir [&hellip;]<\/p>\n","protected":false},"author":2,"featured_media":60446,"comment_status":"open","ping_status":"closed","sticky":false,"template":"","format":"standard","meta":{"footnotes":""},"categories":[8],"tags":[],"acf":[],"_links":{"self":[{"href":"https:\/\/zamanturkmenistan.com.tm\/index.php?rest_route=\/wp\/v2\/posts\/66620"}],"collection":[{"href":"https:\/\/zamanturkmenistan.com.tm\/index.php?rest_route=\/wp\/v2\/posts"}],"about":[{"href":"https:\/\/zamanturkmenistan.com.tm\/index.php?rest_route=\/wp\/v2\/types\/post"}],"author":[{"embeddable":true,"href":"https:\/\/zamanturkmenistan.com.tm\/index.php?rest_route=\/wp\/v2\/users\/2"}],"replies":[{"embeddable":true,"href":"https:\/\/zamanturkmenistan.com.tm\/index.php?rest_route=%2Fwp%2Fv2%2Fcomments&post=66620"}],"version-history":[{"count":1,"href":"https:\/\/zamanturkmenistan.com.tm\/index.php?rest_route=\/wp\/v2\/posts\/66620\/revisions"}],"predecessor-version":[{"id":66621,"href":"https:\/\/zamanturkmenistan.com.tm\/index.php?rest_route=\/wp\/v2\/posts\/66620\/revisions\/66621"}],"wp:featuredmedia":[{"embeddable":true,"href":"https:\/\/zamanturkmenistan.com.tm\/index.php?rest_route=\/wp\/v2\/media\/60446"}],"wp:attachment":[{"href":"https:\/\/zamanturkmenistan.com.tm\/index.php?rest_route=%2Fwp%2Fv2%2Fmedia&parent=66620"}],"wp:term":[{"taxonomy":"category","embeddable":true,"href":"https:\/\/zamanturkmenistan.com.tm\/index.php?rest_route=%2Fwp%2Fv2%2Fcategories&post=66620"},{"taxonomy":"post_tag","embeddable":true,"href":"https:\/\/zamanturkmenistan.com.tm\/index.php?rest_route=%2Fwp%2Fv2%2Ftags&post=66620"}],"curies":[{"name":"wp","href":"https:\/\/api.w.org\/{rel}","templated":true}]}}