{"id":66933,"date":"2022-11-06T12:22:11","date_gmt":"2022-11-06T07:22:11","guid":{"rendered":"https:\/\/zamanturkmenistan.com.tm\/?p=66933"},"modified":"2022-11-06T12:22:11","modified_gmt":"2022-11-06T07:22:11","slug":"anew-turki-dunyasinin-medeni-paytagty-boldy","status":"publish","type":"post","link":"https:\/\/zamanturkmenistan.com.tm\/?p=66933","title":{"rendered":"\u00c4new t\u00fcrki d\u00fcn\u00fd\u00e4sini\u0148 medeni pa\u00fdtagty boldy"},"content":{"rendered":"<p>\u00c4new \u015f\u00e4heri 2024-nji \u00fdyly\u0148 \u201cT\u00fcrki d\u00fcn\u00fd\u00e4sini\u0148 medeni pa\u00fdtagty\u201d derejesine e\u00fde boldy. Bu baradaky karar T\u00dcRKSO\u00dd guramasyny\u0148 medeni\u00fdet ministrlerini\u0148 hemi\u015felik ge\u0148e\u015fini\u0148 39-njy mejlisinde kabul edildi. Bu mejlis T\u00fcrki\u00fd\u00e4ni\u0148 Bursa \u015f\u00e4herinde ge\u00e7irildi. Bursa 2022-nji \u00fdylda bu derej\u00e4 e\u00fde bolupdy.<\/p>\n<p>Du\u015fu\u015fyk bo\u00fdun\u00e7a jemle\u00fdji be\u00fdannama gurama gatna\u015fyjy d\u00f6wletleri\u0148 degi\u015fli ministrliklerini\u0148 \u00fdolba\u015f\u00e7ylary, \u015fol sanda T\u00fcrkmenistany\u0148 medeni\u00fdet ministri Atageldi \u015eamyradow hem gol \u00e7ekdi.<\/p>\n<p>Jemle\u00fdji be\u00fdannamada T\u00fcrki\u00fde Respublikasyny\u0148 guramagynda ge\u00e7iril\u00fd\u00e4n \u201cTeknofest\u201d awiasi\u00fda, kosmos we tehnologi\u00fda festiwalyna t\u00fcrki d\u00fcn\u00fd\u00e4sini\u0148 \u00fda\u015flaryny\u0148 bilelikd\u00e4ki i\u015fl\u00e4p d\u00fczen taslamalaryny\u0148 gatna\u015fmagyny \u00fcpj\u00fcn etmek \u00e7\u00f6zg\u00fct kabul edildi. \u015ee\u00fdle hem 2023-nji \u00fdylda T\u00dcRKSO\u00dd guramasyny\u0148 d\u00f6redilmegini\u0148 30 \u00fdylly mynasybetli agza \u00fdurtlarda dabaralary guramak, halkara guramalary\u0148 we \u00ddUNESKO-ny\u0148 \u00e7\u00e4klerinde \u00e7\u00e4releri ge\u00e7irmek me\u00fdille\u015fdirildi. T\u00fcrki d\u00fcn\u00fd\u00e4sinde ge\u00e7iril\u00fd\u00e4n \u201cGorkut Ata\u201d festiwalyny\u0148 2021-nji we 2022-nji \u00fdyllarda \u00fcst\u00fcnlikli ge\u00e7irilendigi \u00fc\u00e7in ony T\u00dcRKSO\u00dd-y\u0148 d\u00e4p bolan maksatnamasyna girizmek babatda ylala\u015fyldy.<\/p>\n<p>T\u00dcRKSO\u00dd guramasyny\u0148 medeni\u00fdet ministrlerini\u0148 hemi\u015felik ge\u0148e\u015fini\u0148 40-njy mejlisi geljek \u00fdyly\u0148 ahyrynda Azerba\u00fdjany\u0148 \u015eu\u015fa \u015f\u00e4herinde ge\u00e7iriler.<\/p>\n<p>M\u00e4lim bol\u015fy \u00fdaly, mundan ozal 2015-nji \u00fdylda Mary \u015f\u00e4heri t\u00fcrki d\u00fcn\u00fd\u00e4sini\u0148 medeni pa\u00fdtagty yglan edilipdi.<\/p>\n<p>\u201cT\u00fcrki d\u00fcn\u00fd\u00e4sini\u0148 medeni pa\u00fdtagty\u201d atly taslama t\u00fcrki halklary\u0148 medeni\u00fdetini\u0148 m\u00fcmkin\u00e7iliklerini \u00e4\u015fg\u00e4r edip, olary\u0148 mirasyna \u00fcnsi \u00e7ekmekden ybaratdyr. Bu taslama bo\u00fdun\u00e7a her \u00fdylda t\u00fcrki dilli \u00fdurtlary\u0148 d\u00fcrli \u015f\u00e4herlerinde d\u00f6redijilikli m\u00fcmkin\u00e7ilikleri jeml\u00e4p, \u015fonu\u0148 esasynda d\u00fcrli g\u00f6rn\u00fc\u015fd\u00e4ki t\u00e4sirli medeni we gumanitar \u00e7\u00e4releri\u0148 ge\u00e7irilmegi g\u00f6z \u00f6\u0148\u00fcnde tutul\u00fdar.<\/p>\n","protected":false},"excerpt":{"rendered":"<p>\u00c4new \u015f\u00e4heri 2024-nji \u00fdyly\u0148 \u201cT\u00fcrki d\u00fcn\u00fd\u00e4sini\u0148 medeni pa\u00fdtagty\u201d derejesine e\u00fde boldy. Bu baradaky karar T\u00dcRKSO\u00dd guramasyny\u0148 medeni\u00fdet ministrlerini\u0148 hemi\u015felik ge\u0148e\u015fini\u0148 39-njy mejlisinde kabul edildi. Bu mejlis T\u00fcrki\u00fd\u00e4ni\u0148 Bursa \u015f\u00e4herinde ge\u00e7irildi. Bursa 2022-nji \u00fdylda bu derej\u00e4 e\u00fde bolupdy. Du\u015fu\u015fyk bo\u00fdun\u00e7a jemle\u00fdji be\u00fdannama gurama gatna\u015fyjy d\u00f6wletleri\u0148 degi\u015fli ministrliklerini\u0148 \u00fdolba\u015f\u00e7ylary, \u015fol sanda T\u00fcrkmenistany\u0148 medeni\u00fdet ministri Atageldi \u015eamyradow hem [&hellip;]<\/p>\n","protected":false},"author":2,"featured_media":66934,"comment_status":"open","ping_status":"closed","sticky":false,"template":"","format":"standard","meta":{"footnotes":""},"categories":[12],"tags":[],"_links":{"self":[{"href":"https:\/\/zamanturkmenistan.com.tm\/index.php?rest_route=\/wp\/v2\/posts\/66933"}],"collection":[{"href":"https:\/\/zamanturkmenistan.com.tm\/index.php?rest_route=\/wp\/v2\/posts"}],"about":[{"href":"https:\/\/zamanturkmenistan.com.tm\/index.php?rest_route=\/wp\/v2\/types\/post"}],"author":[{"embeddable":true,"href":"https:\/\/zamanturkmenistan.com.tm\/index.php?rest_route=\/wp\/v2\/users\/2"}],"replies":[{"embeddable":true,"href":"https:\/\/zamanturkmenistan.com.tm\/index.php?rest_route=%2Fwp%2Fv2%2Fcomments&post=66933"}],"version-history":[{"count":1,"href":"https:\/\/zamanturkmenistan.com.tm\/index.php?rest_route=\/wp\/v2\/posts\/66933\/revisions"}],"predecessor-version":[{"id":66935,"href":"https:\/\/zamanturkmenistan.com.tm\/index.php?rest_route=\/wp\/v2\/posts\/66933\/revisions\/66935"}],"wp:featuredmedia":[{"embeddable":true,"href":"https:\/\/zamanturkmenistan.com.tm\/index.php?rest_route=\/wp\/v2\/media\/66934"}],"wp:attachment":[{"href":"https:\/\/zamanturkmenistan.com.tm\/index.php?rest_route=%2Fwp%2Fv2%2Fmedia&parent=66933"}],"wp:term":[{"taxonomy":"category","embeddable":true,"href":"https:\/\/zamanturkmenistan.com.tm\/index.php?rest_route=%2Fwp%2Fv2%2Fcategories&post=66933"},{"taxonomy":"post_tag","embeddable":true,"href":"https:\/\/zamanturkmenistan.com.tm\/index.php?rest_route=%2Fwp%2Fv2%2Ftags&post=66933"}],"curies":[{"name":"wp","href":"https:\/\/api.w.org\/{rel}","templated":true}]}}