{"id":6797,"date":"2017-04-01T06:58:20","date_gmt":"2017-04-01T06:58:20","guid":{"rendered":"http:\/\/zamanturkmenistan.com\/?p=6797"},"modified":"2017-04-01T06:58:20","modified_gmt":"2017-04-01T06:58:20","slug":"ma%c2%adlay%c2%adzi%c2%adya%c2%adda-se%c2%adbit-mer%c2%adke%c2%adzi%c2%adni-do%c2%adre%c2%adder","status":"publish","type":"post","link":"https:\/\/zamanturkmenistan.com.tm\/?p=6797","title":{"rendered":"Ma\u00adla\u00fd\u00adzi\u00ad\u00fda\u00adda se\u00adbit mer\u00adke\u00adzi\u00adni d\u00f6\u00adre\u00adder"},"content":{"rendered":"<p>Hy\u00adta\u00ad\u00fdy\u0148 iri in\u00adter\u00adnet ar\u00adka\u00adly s\u00f6w\u00adda amal\u00adla\u00adry\u00adny \u00fde\u00adri\u00adne \u00fde\u00adtir\u00ad\u00fd\u00e4n kom\u00adpa\u00adni\u00ad\u00fda\u00adsy \u201cAli\u00adba\u00adba Group\u201d Ma\u00adla\u00fd\u00adzi\u00ad\u00fda\u00adda se\u00adbit bo\u00ad\u00fdun\u00ad\u00e7a lo\u00adgis\u00adti\u00adka mer\u00adke\u00adzi\u00adni d\u00f6\u00adret\u00adme\u00adgi me\u00ad\u00fdil\u00adle\u015f\u00addir\u00ad\u00fd\u00e4r. \u015ee\u00fd\u00adle hem bu kom\u00adpa\u00adni\u00ad\u00fda Ma\u00adla\u00fd\u00adzi\u00ad\u00fda\u00adny\u0148 h\u00f6\u00adk\u00fc\u00adme\u00adti bi\u00adlen bi\u00adle\u00adlik\u00adde, er\u00adkin s\u00f6w\u00adda \u00fc\u00e7in san\u00adla\u00ad\u00fdyn zo\u00adla\u00adgy d\u00f6\u00adret\u00adme\u00adgi hem g\u00f6z \u00f6\u0148\u00fcn\u00adde tut\u00ad\u00fdar. Bu \u00fdag\u00adda\u00fd se\u00adbit\u00adde or\u00adta we ki\u00ad\u00e7i te\u00adle\u00adke\u00ad\u00e7i\u00adli\u00adgi\u0148 \u00f6s\u00adme\u00adgi \u00fc\u00e7in elekt\u00adron s\u00f6w\u00adda i\u015f\u00adle\u00adri\u00adni \u00fdo\u00adla go\u00fd\u00adma\u00adga m\u00fcm\u00adkin\u00ad\u00e7i\u00adlik be\u00adrer.<br \/>\nMa\u00adla\u00fd\u00adzi\u00ad\u00fda\u00adny\u0148 Prem\u00ad\u00fder-mi\u00adnist\u00adri Na\u00adjib Tun Ra\u00adzak we \u201cAli\u00adba\u00adba Group\u201d kom\u00adpa\u00adni\u00ad\u00fda\u00adsy\u00adny\u0148 do\u00adlan\u00addy\u00adry\u00adjy\u00adlar ge\u00ad\u0148e\u00ad\u015fi\u00adni\u0148 ba\u015f\u00adly\u00adgy Jek Ma Kua\u00adla-Lum\u00adpur \u015f\u00e4\u00adhe\u00adrin\u00adde er\u00adkin s\u00f6w\u00adda \u00fc\u00e7in san\u00adla\u00ad\u00fdyn zo\u00adla\u00adgy d\u00f6\u00adret\u00admek ba\u00adbat\u00adda\u00adky tas\u00adla\u00adma ba\u00addal\u00adga ber\u00addi\u00adler. Ma\u00adla\u00fd\u00adzi\u00ad\u00fda H\u00f6\u00adk\u00fc\u00adme\u00adti\u00adni\u0148 ba\u015f\u00adly\u00adgy Hy\u00adta\u00ad\u00fdy\u0148 bu kom\u00adpa\u00adni\u00ad\u00fda\u00adsy\u00adny\u0148 \u00f6z \u00fdur\u00addun\u00adda san\u00adla\u00ad\u00fdyn yk\u00addy\u00adsa\u00addy\u00ad\u00fde\u00adti \u00f6s\u00add\u00fcr\u00admek \u00fc\u00e7in i\u0148 amat\u00adly hyz\u00admat\u00adda\u015f bo\u00adlup dur\u00ad\u00fdan\u00addy\u00adgy\u00adny m\u00e4\u00adlim et\u00addi. Jek Ma \u00f6z \u00e7y\u00adky\u00ad\u015fyn\u00adda er\u00adkin s\u00f6w\u00adda zo\u00adla\u00adgy\u00adny\u0148 ha\u00adsa\u00adby\u00adna d\u00f6\u00adre\u00addil\u00adjek t\u00e4\u00adze teh\u00adno\u00adlo\u00adgi\u00ad\u00fda se\u00adri\u015f\u00adde\u00adle\u00adri ar\u00adka\u00adly or\u00adta we ki\u00ad\u00e7i te\u00adle\u00adke\u00ad\u00e7i\u00adli\u00adgi\u0148 has-da \u00f6s\u00adjek\u00addi\u00adgi\u00adni bel\u00adle\u00addi.<\/p>\n","protected":false},"excerpt":{"rendered":"<p>Hy\u00adta\u00ad\u00fdy\u0148 iri in\u00adter\u00adnet ar\u00adka\u00adly s\u00f6w\u00adda amal\u00adla\u00adry\u00adny \u00fde\u00adri\u00adne \u00fde\u00adtir\u00ad\u00fd\u00e4n kom\u00adpa\u00adni\u00ad\u00fda\u00adsy \u201cAli\u00adba\u00adba Group\u201d Ma\u00adla\u00fd\u00adzi\u00ad\u00fda\u00adda se\u00adbit bo\u00ad\u00fdun\u00ad\u00e7a lo\u00adgis\u00adti\u00adka mer\u00adke\u00adzi\u00adni d\u00f6\u00adret\u00adme\u00adgi me\u00ad\u00fdil\u00adle\u015f\u00addir\u00ad\u00fd\u00e4r. \u015ee\u00fd\u00adle hem bu kom\u00adpa\u00adni\u00ad\u00fda Ma\u00adla\u00fd\u00adzi\u00ad\u00fda\u00adny\u0148 h\u00f6\u00adk\u00fc\u00adme\u00adti bi\u00adlen bi\u00adle\u00adlik\u00adde, er\u00adkin s\u00f6w\u00adda \u00fc\u00e7in san\u00adla\u00ad\u00fdyn zo\u00adla\u00adgy d\u00f6\u00adret\u00adme\u00adgi hem g\u00f6z \u00f6\u0148\u00fcn\u00adde tut\u00ad\u00fdar. Bu \u00fdag\u00adda\u00fd se\u00adbit\u00adde or\u00adta we ki\u00ad\u00e7i te\u00adle\u00adke\u00ad\u00e7i\u00adli\u00adgi\u0148 \u00f6s\u00adme\u00adgi \u00fc\u00e7in elekt\u00adron s\u00f6w\u00adda i\u015f\u00adle\u00adri\u00adni \u00fdo\u00adla go\u00fd\u00adma\u00adga m\u00fcm\u00adkin\u00ad\u00e7i\u00adlik be\u00adrer. Ma\u00adla\u00fd\u00adzi\u00ad\u00fda\u00adny\u0148 Prem\u00ad\u00fder-mi\u00adnist\u00adri Na\u00adjib [&hellip;]<\/p>\n","protected":false},"author":1,"featured_media":6798,"comment_status":"open","ping_status":"closed","sticky":false,"template":"","format":"standard","meta":{"footnotes":""},"categories":[5],"tags":[],"acf":[],"_links":{"self":[{"href":"https:\/\/zamanturkmenistan.com.tm\/index.php?rest_route=\/wp\/v2\/posts\/6797"}],"collection":[{"href":"https:\/\/zamanturkmenistan.com.tm\/index.php?rest_route=\/wp\/v2\/posts"}],"about":[{"href":"https:\/\/zamanturkmenistan.com.tm\/index.php?rest_route=\/wp\/v2\/types\/post"}],"author":[{"embeddable":true,"href":"https:\/\/zamanturkmenistan.com.tm\/index.php?rest_route=\/wp\/v2\/users\/1"}],"replies":[{"embeddable":true,"href":"https:\/\/zamanturkmenistan.com.tm\/index.php?rest_route=%2Fwp%2Fv2%2Fcomments&post=6797"}],"version-history":[{"count":0,"href":"https:\/\/zamanturkmenistan.com.tm\/index.php?rest_route=\/wp\/v2\/posts\/6797\/revisions"}],"wp:featuredmedia":[{"embeddable":true,"href":"https:\/\/zamanturkmenistan.com.tm\/index.php?rest_route=\/wp\/v2\/media\/6798"}],"wp:attachment":[{"href":"https:\/\/zamanturkmenistan.com.tm\/index.php?rest_route=%2Fwp%2Fv2%2Fmedia&parent=6797"}],"wp:term":[{"taxonomy":"category","embeddable":true,"href":"https:\/\/zamanturkmenistan.com.tm\/index.php?rest_route=%2Fwp%2Fv2%2Fcategories&post=6797"},{"taxonomy":"post_tag","embeddable":true,"href":"https:\/\/zamanturkmenistan.com.tm\/index.php?rest_route=%2Fwp%2Fv2%2Ftags&post=6797"}],"curies":[{"name":"wp","href":"https:\/\/api.w.org\/{rel}","templated":true}]}}