{"id":68269,"date":"2022-11-24T15:39:40","date_gmt":"2022-11-24T10:39:40","guid":{"rendered":"https:\/\/zamanturkmenistan.com.tm\/?p=68269"},"modified":"2022-11-24T15:39:40","modified_gmt":"2022-11-24T10:39:40","slug":"kanada-oynady-belgiya-yenis-gazandy","status":"publish","type":"post","link":"https:\/\/zamanturkmenistan.com.tm\/?p=68269","title":{"rendered":"Kanada o\u00fdnady, Belgi\u00fda \u00fde\u0148i\u015f gazandy"},"content":{"rendered":"<p>Katar 2022-de \u201cF\u201d topar\u00e7ada 36 \u00fdyldan so\u0148 2-nji gezek gatna\u015f\u00fdan Kanadany\u0148 \u00fdygyndysy bilen Belgi\u00fdany\u0148 \u00fdygyndysy du\u015fu\u015fdy. Du\u015fu\u015fykda Kanadany\u0148 \u00fdygyndysy di\u00fdse\u0148 erjel o\u00fdun g\u00f6rkezdi. Olar g\u00fc\u00fd\u00e7li gar\u015fyda\u015fyna 21 gezek h\u00fcj\u00fcm ge\u00e7irdiler. \u00dd\u00f6ne 9 h\u00fcj\u00fcmde 1 gezek takyk netije gazanan Belgi\u00fdany\u0148 \u00fdygyndysy me\u00fddan\u00e7any 3 utuk bilen terk etdi. Belgi\u00fdany\u0148 \u00fdygyndysy \u00fde\u0148i\u015f getiren \u00fdeke-t\u00e4k goly 44-nji minutda Mi\u00e7u Bat\u015fua\u00fdi derwez\u00e4 girizdi. O\u00fdnu\u0148 10-njy minutynda Kanadany\u0148 \u00fdyldyz o\u00fdun\u00e7ysy Alfonso Dewies penalti urgusyndan pe\u00fddalanyp bilmedi.<\/p>\n","protected":false},"excerpt":{"rendered":"<p>Katar 2022-de \u201cF\u201d topar\u00e7ada 36 \u00fdyldan so\u0148 2-nji gezek gatna\u015f\u00fdan Kanadany\u0148 \u00fdygyndysy bilen Belgi\u00fdany\u0148 \u00fdygyndysy du\u015fu\u015fdy. Du\u015fu\u015fykda Kanadany\u0148 \u00fdygyndysy di\u00fdse\u0148 erjel o\u00fdun g\u00f6rkezdi. Olar g\u00fc\u00fd\u00e7li gar\u015fyda\u015fyna 21 gezek h\u00fcj\u00fcm ge\u00e7irdiler. \u00dd\u00f6ne 9 h\u00fcj\u00fcmde 1 gezek takyk netije gazanan Belgi\u00fdany\u0148 \u00fdygyndysy me\u00fddan\u00e7any 3 utuk bilen terk etdi. Belgi\u00fdany\u0148 \u00fdygyndysy \u00fde\u0148i\u015f getiren \u00fdeke-t\u00e4k goly 44-nji minutda Mi\u00e7u [&hellip;]<\/p>\n","protected":false},"author":2,"featured_media":68270,"comment_status":"open","ping_status":"closed","sticky":false,"template":"","format":"standard","meta":{"footnotes":""},"categories":[7175,1778,13],"tags":[7407,974,7409],"acf":[],"_links":{"self":[{"href":"https:\/\/zamanturkmenistan.com.tm\/index.php?rest_route=\/wp\/v2\/posts\/68269"}],"collection":[{"href":"https:\/\/zamanturkmenistan.com.tm\/index.php?rest_route=\/wp\/v2\/posts"}],"about":[{"href":"https:\/\/zamanturkmenistan.com.tm\/index.php?rest_route=\/wp\/v2\/types\/post"}],"author":[{"embeddable":true,"href":"https:\/\/zamanturkmenistan.com.tm\/index.php?rest_route=\/wp\/v2\/users\/2"}],"replies":[{"embeddable":true,"href":"https:\/\/zamanturkmenistan.com.tm\/index.php?rest_route=%2Fwp%2Fv2%2Fcomments&post=68269"}],"version-history":[{"count":1,"href":"https:\/\/zamanturkmenistan.com.tm\/index.php?rest_route=\/wp\/v2\/posts\/68269\/revisions"}],"predecessor-version":[{"id":68271,"href":"https:\/\/zamanturkmenistan.com.tm\/index.php?rest_route=\/wp\/v2\/posts\/68269\/revisions\/68271"}],"wp:featuredmedia":[{"embeddable":true,"href":"https:\/\/zamanturkmenistan.com.tm\/index.php?rest_route=\/wp\/v2\/media\/68270"}],"wp:attachment":[{"href":"https:\/\/zamanturkmenistan.com.tm\/index.php?rest_route=%2Fwp%2Fv2%2Fmedia&parent=68269"}],"wp:term":[{"taxonomy":"category","embeddable":true,"href":"https:\/\/zamanturkmenistan.com.tm\/index.php?rest_route=%2Fwp%2Fv2%2Fcategories&post=68269"},{"taxonomy":"post_tag","embeddable":true,"href":"https:\/\/zamanturkmenistan.com.tm\/index.php?rest_route=%2Fwp%2Fv2%2Ftags&post=68269"}],"curies":[{"name":"wp","href":"https:\/\/api.w.org\/{rel}","templated":true}]}}