{"id":68352,"date":"2022-11-24T12:34:25","date_gmt":"2022-11-24T07:34:25","guid":{"rendered":"https:\/\/zamanturkmenistan.com.tm\/?p=68352"},"modified":"2022-11-25T12:38:08","modified_gmt":"2022-11-25T07:38:08","slug":"koreyada-zawod-gurar","status":"publish","type":"post","link":"https:\/\/zamanturkmenistan.com.tm\/?p=68352","title":{"rendered":"Kore\u00fdada zawod gurar"},"content":{"rendered":"<p>D\u00fcn\u00ad\u00fd\u00e4\u00adni\u0148 i\u0148 uly elekt\u00adrou\u00adlag \u00f6n\u00add\u00fc\u00adri\u00adji\u00adsi bo\u00adlan \u201cTes\u00adla\u201d-ny\u0148 \u00fdol\u00adba\u015f\u00ad\u00e7y\u00adsy Ilon Mask G\u00fc\u00adnor\u00adta Ko\u00adre\u00ad\u00fda\u00adda t\u00e4\u00adze za\u00adwod gur\u00adma\u00adgy me\u00ad\u00fdil\u00adle\u015f\u00addir\u00ad\u00fd\u00e4r. Mask Ko\u00adre\u00ad\u00fda\u00adny\u0148 za\u00adwod gur\u00admak \u00fc\u00e7in i\u0148 go\u00adwy \u00fder bol\u00adjak\u00addy\u00adgy\u00adny bel\u00adle\u00ad\u00fd\u00e4r. Go\u00adla\u00fd\u00adda i\u015fe\u00adw\u00fcr Azi\u00ad\u00fda \u00fdurt\u00adla\u00adry\u00adny\u0148 bi\u00adrin\u00adde \u00fde\u00adne bir \u201cgi\u00adga\u00adfab\u00adrik\u201d gur\u00adjak\u00addy\u00adgy\u00adny m\u00e4\u00adlim eden\u00adden so\u0148\u00adra \u201cTes\u00adla\u201d-ny\u0148 pa\u00fd\u00adna\u00adma\u00adla\u00adry\u00adny\u0148 ba\u00adha\u00adsy 8 g\u00f6\u00adte\u00adrim \u00fdo\u00adkar\u00adla\u00adnyp\u00addy. Ilan Mask Ko\u00adre\u00ad\u00fda Res\u00adpub\u00adli\u00adka\u00adsy\u00adny\u0148 Pre\u00adzi\u00adden\u00adti \u00ddun Sok \u00ddol bi\u00adlen wi\u00addeo\u00ad\u015fe\u00adkil\u00adli usul\u00adda gep\u00adle\u00ad\u015fik ge\u00ad\u00e7i\u00adrip, za\u00adwod gur\u00admak \u00fc\u00e7in i\u0148 go\u00adwy da\u00adla\u015f\u00adg\u00e4r \u00fdur\u00addu\u0148 Ko\u00adre\u00ad\u00fda\u00addy\u00adgy\u00adny nyg\u00adtan\u00addyk\u00adla\u00adry\u00adny a\u00fdt\u00addy.<br \/>\n\u201cTes\u00adla\u201d-ny\u0148 h\u00e4\u00adzir\u00adki wagt\u00adda AB\u015e-ny\u0148 da\u00ad\u015fyn\u00adda Ger\u00adma\u00adni\u00ad\u00fda\u00adny\u0148 Ber\u00adlin hem-de Hy\u00adta\u00ad\u00fdy\u0148 \u015ean\u00adha\u00fd \u015f\u00e4\u00adher\u00adle\u00adrin\u00adde \u201cgi\u00adga\u00adfab\u00adrik\u201d at\u00adly za\u00adwod\u00adla\u00adry bar. Her \u00fdyl\u00adda 2 mil\u00adli\u00adon elekt\u00adrou\u00adlag \u00f6n\u00add\u00fcr\u00ad\u00fd\u00e4n kom\u00adpa\u00adni\u00ad\u00fda gel\u00adjek \u00fdyl\u00adlar\u00adda 20 mil\u00adlio\u00adna \u00e7e\u00adni \u00e7y\u00adkar\u00adma\u00adgy me\u00ad\u00fdil\u00adle\u015f\u00addir\u00ad\u00fd\u00e4r. Bu mak\u00adsa\u00adda \u00fdet\u00admek \u00fc\u00e7in kom\u00adpa\u00adni\u00ad\u00fda h\u00e4\u00adzir\u00adki\u00adler \u00fda\u00adly se\u00adkiz za\u00adwod gur\u00adma\u00adly bo\u00adlar. \u00ddag\u00adny, kom\u00adpa\u00adni\u00ad\u00fda 2030-njy \u00fdy\u00adla \u00e7en\u00adli her \u00fdyl\u00adda bir za\u00adwod gur\u00adsa bu mak\u00adsa\u00addy\u00adna \u00fde\u00adter.<\/p>\n<p style=\"text-align: right;\"><strong>Le\u00fd\u00adli Ku\u00adly\u00ad\u00fde\u00adwa, T\u00fcrk\u00adme\u00adnis\u00adta\u00adny\u0148 In\u00ad\u017ee\u00adner-teh\u00adni\u00adki we ulag kom\u00admu\u00adni\u00adka\u00adsi\u00ad\u00fda\u00adla\u00adry ins\u00adti\u00adtu\u00adty\u00adny\u0148 ta\u00adly\u00adby.<\/strong><\/p>\n","protected":false},"excerpt":{"rendered":"<p>D\u00fcn\u00ad\u00fd\u00e4\u00adni\u0148 i\u0148 uly elekt\u00adrou\u00adlag \u00f6n\u00add\u00fc\u00adri\u00adji\u00adsi bo\u00adlan \u201cTes\u00adla\u201d-ny\u0148 \u00fdol\u00adba\u015f\u00ad\u00e7y\u00adsy Ilon Mask G\u00fc\u00adnor\u00adta Ko\u00adre\u00ad\u00fda\u00adda t\u00e4\u00adze za\u00adwod gur\u00adma\u00adgy me\u00ad\u00fdil\u00adle\u015f\u00addir\u00ad\u00fd\u00e4r. Mask Ko\u00adre\u00ad\u00fda\u00adny\u0148 za\u00adwod gur\u00admak \u00fc\u00e7in i\u0148 go\u00adwy \u00fder bol\u00adjak\u00addy\u00adgy\u00adny bel\u00adle\u00ad\u00fd\u00e4r. Go\u00adla\u00fd\u00adda i\u015fe\u00adw\u00fcr Azi\u00ad\u00fda \u00fdurt\u00adla\u00adry\u00adny\u0148 bi\u00adrin\u00adde \u00fde\u00adne bir \u201cgi\u00adga\u00adfab\u00adrik\u201d gur\u00adjak\u00addy\u00adgy\u00adny m\u00e4\u00adlim eden\u00adden so\u0148\u00adra \u201cTes\u00adla\u201d-ny\u0148 pa\u00fd\u00adna\u00adma\u00adla\u00adry\u00adny\u0148 ba\u00adha\u00adsy 8 g\u00f6\u00adte\u00adrim \u00fdo\u00adkar\u00adla\u00adnyp\u00addy. Ilan Mask Ko\u00adre\u00ad\u00fda Res\u00adpub\u00adli\u00adka\u00adsy\u00adny\u0148 Pre\u00adzi\u00adden\u00adti \u00ddun Sok \u00ddol bi\u00adlen wi\u00addeo\u00ad\u015fe\u00adkil\u00adli usul\u00adda [&hellip;]<\/p>\n","protected":false},"author":2,"featured_media":68354,"comment_status":"open","ping_status":"closed","sticky":false,"template":"","format":"standard","meta":{"footnotes":""},"categories":[5],"tags":[],"acf":[],"_links":{"self":[{"href":"https:\/\/zamanturkmenistan.com.tm\/index.php?rest_route=\/wp\/v2\/posts\/68352"}],"collection":[{"href":"https:\/\/zamanturkmenistan.com.tm\/index.php?rest_route=\/wp\/v2\/posts"}],"about":[{"href":"https:\/\/zamanturkmenistan.com.tm\/index.php?rest_route=\/wp\/v2\/types\/post"}],"author":[{"embeddable":true,"href":"https:\/\/zamanturkmenistan.com.tm\/index.php?rest_route=\/wp\/v2\/users\/2"}],"replies":[{"embeddable":true,"href":"https:\/\/zamanturkmenistan.com.tm\/index.php?rest_route=%2Fwp%2Fv2%2Fcomments&post=68352"}],"version-history":[{"count":1,"href":"https:\/\/zamanturkmenistan.com.tm\/index.php?rest_route=\/wp\/v2\/posts\/68352\/revisions"}],"predecessor-version":[{"id":68355,"href":"https:\/\/zamanturkmenistan.com.tm\/index.php?rest_route=\/wp\/v2\/posts\/68352\/revisions\/68355"}],"wp:featuredmedia":[{"embeddable":true,"href":"https:\/\/zamanturkmenistan.com.tm\/index.php?rest_route=\/wp\/v2\/media\/68354"}],"wp:attachment":[{"href":"https:\/\/zamanturkmenistan.com.tm\/index.php?rest_route=%2Fwp%2Fv2%2Fmedia&parent=68352"}],"wp:term":[{"taxonomy":"category","embeddable":true,"href":"https:\/\/zamanturkmenistan.com.tm\/index.php?rest_route=%2Fwp%2Fv2%2Fcategories&post=68352"},{"taxonomy":"post_tag","embeddable":true,"href":"https:\/\/zamanturkmenistan.com.tm\/index.php?rest_route=%2Fwp%2Fv2%2Ftags&post=68352"}],"curies":[{"name":"wp","href":"https:\/\/api.w.org\/{rel}","templated":true}]}}