{"id":68624,"date":"2022-11-23T19:51:51","date_gmt":"2022-11-23T14:51:51","guid":{"rendered":"https:\/\/zamanturkmenistan.com.tm\/?p=68624"},"modified":"2022-11-28T20:15:47","modified_gmt":"2022-11-28T15:15:47","slug":"yewropada-elektroulag-ondurer","status":"publish","type":"post","link":"https:\/\/zamanturkmenistan.com.tm\/?p=68624","title":{"rendered":"\u00ddewropada elektroulag \u00f6nd\u00fcrer"},"content":{"rendered":"<p>\u201cVolvo\u201d kom\u00adpa\u00adni\u00ad\u00fda\u00adsy\u00adny\u0148 elekt\u00adrou\u00adlag bren\u00addi \u201cPo\u00adles\u00adtar\u201d \u00ddew\u00adro\u00adpa\u00adda \u00f6n\u00fcm\u00ad\u00e7i\u00adlik des\u00adga\u00adsy\u00adny gur\u00adma\u00adgy me\u00ad\u00fdil\u00adle\u015f\u00addir\u00ad\u00fd\u00e4r. Kom\u00adpa\u00adni\u00ad\u00fda\u00adny\u0148 \u00fdol\u00adba\u015f\u00ad\u00e7y\u00adsy To\u00admas In\u00adgen\u00adlat bu za\u00adwod\u00adda il\u00adkin\u00adji bo\u00adlup, \u201cPo\u00adles\u00adtar 7\u201d mo\u00adde\u00adli \u00f6n\u00add\u00fc\u00adri\u00adler. \u201cVolvo Car Group\u201d to\u00adpa\u00adry\u00adny\u0148 bu bren\u00addi \u00ddew\u00adro\u00adpa\u00adny\u0148 da\u00ad\u015fyn\u00adda\u00adky ba\u00adzar\u00adlar\u00adda hem sa\u00adtu\u00adwa \u00e7y\u00adka\u00adry\u00adlar. In\u00adgen\u00adlat met\u00adbu\u00adgat i\u015f\u00adg\u00e4r\u00adle\u00adri\u00adne be\u00adren be\u00ad\u00fda\u00adna\u00adtyn\u00adda gel\u00adjek b\u00e4\u015f \u00fdy\u00adly\u0148 do\u00adwa\u00admyn\u00adda \u00f6n\u00fcm\u00ad\u00e7i\u00adli\u00adgi\u0148 \u00fdo\u00adla go\u00ad\u00fdul\u00adjak\u00addy\u00adgy\u00adny m\u00e4\u00adlim et\u00addi. h\u00e4\u00adzir\u00adki wagt\u00adda \u201cPo\u00adles\u00adtar 7\u201d-ni\u0148 teh\u00adni\u00adki a\u00fd\u00adra\u00adtyn\u00adlyk\u00adla\u00adry\u00adny\u0148 n\u00e4\u00adhi\u00adli bol\u00adjak\u00addy\u00adgy anyk d\u00e4l.<br \/>\nKom\u00adpa\u00adni\u00ad\u00fda\u00adny\u0148 uly b\u00f6\u00adle\u00adgi\u00adne Hy\u00adta\u00fd kom\u00adpa\u00adni\u00ad\u00fda\u00adla\u00adry e\u00fde\u00ad\u00e7i\u00adlik ed\u00ad\u00fd\u00e4r. \u201cPo\u00adles\u00adtar 2\u201d mo\u00adde\u00adli bol\u00adsa Hy\u00adta\u00ad\u00fdy\u0148 Lus\u00ad\u00fdao \u015f\u00e4\u00adhe\u00adrin\u00add\u00e4\u00adki za\u00adwod\u00adda \u00f6n\u00add\u00fc\u00adril\u00ad\u00fd\u00e4r. Ge\u00ad\u00e7en a\u00fd bol\u00adsa, \u201cPo\u00adles\u00adtar 3 SUV\u201d ula\u00adgy\u00adny\u0148 nus\u00adga\u00adlyk g\u00f6r\u00adn\u00fc\u00ad\u015fi ta\u00adny\u015f\u00addy\u00adry\u00adlyp\u00addy. Bu ula\u00adgy\u0148 gel\u00adjek \u00fdyl\u00addan ba\u015f\u00adlap, Hy\u00adta\u00ad\u00fdy\u0148 \u00c7en\u00addu hem-de AB\u015e-ny\u0148 G\u00fc\u00adnor\u00adta Ka\u00adro\u00adli\u00adna \u015fta\u00adty\u00adny\u0148 \u00c7arls\u00adton \u015f\u00e4\u00adhe\u00adrin\u00add\u00e4\u00adki za\u00adwo\u00addyn\u00adda \u00f6n\u00add\u00fc\u00adril\u00adjek\u00addi\u00adgi m\u00e4\u00adlim edil\u00addi.<\/p>\n<p style=\"text-align: right;\"><strong>Han\u00adgu\u00adly Han\u00adgu\u00adly\u00ad\u00fdew, T\u00fcrk\u00admen d\u00f6w\u00adlet ul\u0430g w\u0435 \u0430r\u0430g\u0430tn\u0430\u015fyk ins\u00adti\u00adtu\u00adty\u00adny\u0148 ta\u00adly\u00adby<\/strong><\/p>\n","protected":false},"excerpt":{"rendered":"<p>\u201cVolvo\u201d kom\u00adpa\u00adni\u00ad\u00fda\u00adsy\u00adny\u0148 elekt\u00adrou\u00adlag bren\u00addi \u201cPo\u00adles\u00adtar\u201d \u00ddew\u00adro\u00adpa\u00adda \u00f6n\u00fcm\u00ad\u00e7i\u00adlik des\u00adga\u00adsy\u00adny gur\u00adma\u00adgy me\u00ad\u00fdil\u00adle\u015f\u00addir\u00ad\u00fd\u00e4r. Kom\u00adpa\u00adni\u00ad\u00fda\u00adny\u0148 \u00fdol\u00adba\u015f\u00ad\u00e7y\u00adsy To\u00admas In\u00adgen\u00adlat bu za\u00adwod\u00adda il\u00adkin\u00adji bo\u00adlup, \u201cPo\u00adles\u00adtar 7\u201d mo\u00adde\u00adli \u00f6n\u00add\u00fc\u00adri\u00adler. \u201cVolvo Car Group\u201d to\u00adpa\u00adry\u00adny\u0148 bu bren\u00addi \u00ddew\u00adro\u00adpa\u00adny\u0148 da\u00ad\u015fyn\u00adda\u00adky ba\u00adzar\u00adlar\u00adda hem sa\u00adtu\u00adwa \u00e7y\u00adka\u00adry\u00adlar. In\u00adgen\u00adlat met\u00adbu\u00adgat i\u015f\u00adg\u00e4r\u00adle\u00adri\u00adne be\u00adren be\u00ad\u00fda\u00adna\u00adtyn\u00adda gel\u00adjek b\u00e4\u015f \u00fdy\u00adly\u0148 do\u00adwa\u00admyn\u00adda \u00f6n\u00fcm\u00ad\u00e7i\u00adli\u00adgi\u0148 \u00fdo\u00adla go\u00ad\u00fdul\u00adjak\u00addy\u00adgy\u00adny m\u00e4\u00adlim et\u00addi. h\u00e4\u00adzir\u00adki wagt\u00adda \u201cPo\u00adles\u00adtar 7\u201d-ni\u0148 teh\u00adni\u00adki a\u00fd\u00adra\u00adtyn\u00adlyk\u00adla\u00adry\u00adny\u0148 n\u00e4\u00adhi\u00adli [&hellip;]<\/p>\n","protected":false},"author":2,"featured_media":68625,"comment_status":"open","ping_status":"closed","sticky":false,"template":"","format":"standard","meta":{"footnotes":""},"categories":[5],"tags":[],"acf":[],"_links":{"self":[{"href":"https:\/\/zamanturkmenistan.com.tm\/index.php?rest_route=\/wp\/v2\/posts\/68624"}],"collection":[{"href":"https:\/\/zamanturkmenistan.com.tm\/index.php?rest_route=\/wp\/v2\/posts"}],"about":[{"href":"https:\/\/zamanturkmenistan.com.tm\/index.php?rest_route=\/wp\/v2\/types\/post"}],"author":[{"embeddable":true,"href":"https:\/\/zamanturkmenistan.com.tm\/index.php?rest_route=\/wp\/v2\/users\/2"}],"replies":[{"embeddable":true,"href":"https:\/\/zamanturkmenistan.com.tm\/index.php?rest_route=%2Fwp%2Fv2%2Fcomments&post=68624"}],"version-history":[{"count":1,"href":"https:\/\/zamanturkmenistan.com.tm\/index.php?rest_route=\/wp\/v2\/posts\/68624\/revisions"}],"predecessor-version":[{"id":68626,"href":"https:\/\/zamanturkmenistan.com.tm\/index.php?rest_route=\/wp\/v2\/posts\/68624\/revisions\/68626"}],"wp:featuredmedia":[{"embeddable":true,"href":"https:\/\/zamanturkmenistan.com.tm\/index.php?rest_route=\/wp\/v2\/media\/68625"}],"wp:attachment":[{"href":"https:\/\/zamanturkmenistan.com.tm\/index.php?rest_route=%2Fwp%2Fv2%2Fmedia&parent=68624"}],"wp:term":[{"taxonomy":"category","embeddable":true,"href":"https:\/\/zamanturkmenistan.com.tm\/index.php?rest_route=%2Fwp%2Fv2%2Fcategories&post=68624"},{"taxonomy":"post_tag","embeddable":true,"href":"https:\/\/zamanturkmenistan.com.tm\/index.php?rest_route=%2Fwp%2Fv2%2Ftags&post=68624"}],"curies":[{"name":"wp","href":"https:\/\/api.w.org\/{rel}","templated":true}]}}