{"id":68772,"date":"2022-11-24T13:45:43","date_gmt":"2022-11-24T08:45:43","guid":{"rendered":"https:\/\/zamanturkmenistan.com.tm\/?p=68772"},"modified":"2022-12-01T13:48:00","modified_gmt":"2022-12-01T08:48:00","slug":"awiaparkyny-ginelder-2","status":"publish","type":"post","link":"https:\/\/zamanturkmenistan.com.tm\/?p=68772","title":{"rendered":"Awiaparkyny gi\u0148elder"},"content":{"rendered":"<p>Merkezi edarasy Horwati\u00fdany\u0148 Zagreb \u015f\u00e4herinde \u00fderle\u015f\u00fd\u00e4n \u201cCroatia Airlines\u201d kompani\u00fdasy alty sany \u201cAirbus A220-300\u201d u\u00e7aryny satyn almak \u00fc\u00e7in \u015fertnama bagla\u015fdy. Kompani\u00fda \u00fdene-de dokuz sany \u201cA220\u201d u\u00e7aryny k\u00e4rendesine almagy me\u00fdille\u015fdir\u00fd\u00e4r. Pandemi\u00fdany\u0148 yzda galmagy bilen halkara howa gatnawlary g\u00f6rnetin \u00fdokarlanyp ba\u015flady. \u015ee\u00fdle bolanso\u0148, awiakompani\u00fdalary\u0148 sargytlary hem k\u00f6peldi. \u201cCroatia Airlines\u201d awiaparkyndaky k\u00f6ne howa g\u00e4milerini azaltmagy maksat edin\u00fd\u00e4r. \u201cAirbus\u201d kompani\u00fdasyny\u0148 t\u00e4jir\u00e7ilik i\u015fleri bo\u00fdun\u00e7a m\u00fcdirini Kristian \u015eerer \u00f6nd\u00fcr\u00fd\u00e4n u\u00e7arlaryny\u0148 Horwati\u00fdany\u0148 awiasi\u00fda zerurlyklary \u00fc\u00e7in amatlydygyny bell\u00e4p, A220 u\u00e7arlaryny\u0148 howa gatnawlarynda netijeliligi artdyrjakdygyny, \u015fe\u00fdlelikde awiakompani\u00fdany\u0148 has \u00e7e\u00fde hereket edip biljekdigini belledi.<\/p>\n<p style=\"text-align: right;\"><strong>Da\u00fdan\u00e7 Muhamow, S.A.Ny\u00fdazow adyndaky T\u00fcrkmen oba hojalyk uniwersitetini\u0148 talyby.<\/strong><\/p>\n","protected":false},"excerpt":{"rendered":"<p>Merkezi edarasy Horwati\u00fdany\u0148 Zagreb \u015f\u00e4herinde \u00fderle\u015f\u00fd\u00e4n \u201cCroatia Airlines\u201d kompani\u00fdasy alty sany \u201cAirbus A220-300\u201d u\u00e7aryny satyn almak \u00fc\u00e7in \u015fertnama bagla\u015fdy. Kompani\u00fda \u00fdene-de dokuz sany \u201cA220\u201d u\u00e7aryny k\u00e4rendesine almagy me\u00fdille\u015fdir\u00fd\u00e4r. Pandemi\u00fdany\u0148 yzda galmagy bilen halkara howa gatnawlary g\u00f6rnetin \u00fdokarlanyp ba\u015flady. \u015ee\u00fdle bolanso\u0148, awiakompani\u00fdalary\u0148 sargytlary hem k\u00f6peldi. \u201cCroatia Airlines\u201d awiaparkyndaky k\u00f6ne howa g\u00e4milerini azaltmagy maksat edin\u00fd\u00e4r. \u201cAirbus\u201d kompani\u00fdasyny\u0148 [&hellip;]<\/p>\n","protected":false},"author":2,"featured_media":68773,"comment_status":"open","ping_status":"closed","sticky":false,"template":"","format":"standard","meta":{"footnotes":""},"categories":[5],"tags":[],"acf":[],"_links":{"self":[{"href":"https:\/\/zamanturkmenistan.com.tm\/index.php?rest_route=\/wp\/v2\/posts\/68772"}],"collection":[{"href":"https:\/\/zamanturkmenistan.com.tm\/index.php?rest_route=\/wp\/v2\/posts"}],"about":[{"href":"https:\/\/zamanturkmenistan.com.tm\/index.php?rest_route=\/wp\/v2\/types\/post"}],"author":[{"embeddable":true,"href":"https:\/\/zamanturkmenistan.com.tm\/index.php?rest_route=\/wp\/v2\/users\/2"}],"replies":[{"embeddable":true,"href":"https:\/\/zamanturkmenistan.com.tm\/index.php?rest_route=%2Fwp%2Fv2%2Fcomments&post=68772"}],"version-history":[{"count":1,"href":"https:\/\/zamanturkmenistan.com.tm\/index.php?rest_route=\/wp\/v2\/posts\/68772\/revisions"}],"predecessor-version":[{"id":68774,"href":"https:\/\/zamanturkmenistan.com.tm\/index.php?rest_route=\/wp\/v2\/posts\/68772\/revisions\/68774"}],"wp:featuredmedia":[{"embeddable":true,"href":"https:\/\/zamanturkmenistan.com.tm\/index.php?rest_route=\/wp\/v2\/media\/68773"}],"wp:attachment":[{"href":"https:\/\/zamanturkmenistan.com.tm\/index.php?rest_route=%2Fwp%2Fv2%2Fmedia&parent=68772"}],"wp:term":[{"taxonomy":"category","embeddable":true,"href":"https:\/\/zamanturkmenistan.com.tm\/index.php?rest_route=%2Fwp%2Fv2%2Fcategories&post=68772"},{"taxonomy":"post_tag","embeddable":true,"href":"https:\/\/zamanturkmenistan.com.tm\/index.php?rest_route=%2Fwp%2Fv2%2Ftags&post=68772"}],"curies":[{"name":"wp","href":"https:\/\/api.w.org\/{rel}","templated":true}]}}