{"id":69009,"date":"2022-12-05T10:39:02","date_gmt":"2022-12-05T05:39:02","guid":{"rendered":"https:\/\/zamanturkmenistan.com.tm\/?p=69009"},"modified":"2022-12-05T10:39:40","modified_gmt":"2022-12-05T05:39:40","slug":"mahatma-gandinin-heykeli-acylar","status":"publish","type":"post","link":"https:\/\/zamanturkmenistan.com.tm\/?p=69009","title":{"rendered":"Mahatma Gandini\u0148 he\u00fdkeli a\u00e7ylar"},"content":{"rendered":"<p>14-nji dekabrda Hindistany\u0148 milli-azat edi\u015f hereketini\u0148 lideri Mahatma Gandini\u0148 (1869-1948) he\u00fdkeli BMG-ni\u0148 N\u00fdu-\u00ddorkdaky \u015ftab-kwartirasynda a\u00e7ylar. A\u00e7yly\u015f dabarasyna Hindistany\u0148 DIM-ni\u0148 ba\u015flygy Subramani\u00fdam Ja\u00fd\u015fankar we BMG-ni\u0148 Ba\u015f sekretary Antoniu Guterri\u015f gatna\u015far. Bu barada \u201cPress Trust of India\u201d habarlar gullugy m\u00e4lim ed\u00fd\u00e4r.<\/p>\n<p>Hindistany\u0148 BMG-d\u00e4ki hemi\u015felik wekili Ru\u00e7ira Kamboj he\u00fdkeli\u0148 BMG-ni\u0148 toplumyndaky \u00e7emenlikde oturdyljakdygyny a\u00fdtdy. Bu N\u00fdu-Deliden Birle\u015fen Milletler Guramasyna sowgat bolar.<\/p>\n<p>Ge\u00e7en hepde Hindistan Howpsuzlyk Ge\u0148e\u015finde ba\u015flyklygy kabul etdi. \u00ddadyg\u00e4rlik da\u015fary i\u015fler ministri Ja\u00fd\u015fankary\u0148 BMG-a eden sapary wagtynda a\u00e7ylar.<\/p>\n<p>He\u00fdkeli\u0148 hindi he\u00fdkeltara\u015fy Ram Sutar tarapyndan \u00fdasalandygy habar beril\u00fd\u00e4r. Ram Sutar mundan \u00f6\u0148 d\u00fcn\u00fd\u00e4ni\u0148 i\u0148 uly he\u00fdkel bolan \u201cAgzybirlik he\u00fdkelini\u0148\u201d (182 metr) \u00fcst\u00fcnde i\u015fl\u00e4pdi. Onda belli hindi sy\u00fdasat\u00e7ysy we milli-azat edi\u015f hereketini\u0148 wekili Wallabhai Pateli\u0148 (1875-1950) ke\u015fbi \u015fekilllendirilipdi. \u00ddadyg\u00e4rlik \u00fdurdu\u0148 Gujarat \u015ftatynda \u00fderle\u015f\u00fd\u00e4r.<\/p>\n","protected":false},"excerpt":{"rendered":"<p>14-nji dekabrda Hindistany\u0148 milli-azat edi\u015f hereketini\u0148 lideri Mahatma Gandini\u0148 (1869-1948) he\u00fdkeli BMG-ni\u0148 N\u00fdu-\u00ddorkdaky \u015ftab-kwartirasynda a\u00e7ylar. A\u00e7yly\u015f dabarasyna Hindistany\u0148 DIM-ni\u0148 ba\u015flygy Subramani\u00fdam Ja\u00fd\u015fankar we BMG-ni\u0148 Ba\u015f sekretary Antoniu Guterri\u015f gatna\u015far. Bu barada \u201cPress Trust of India\u201d habarlar gullugy m\u00e4lim ed\u00fd\u00e4r. Hindistany\u0148 BMG-d\u00e4ki hemi\u015felik wekili Ru\u00e7ira Kamboj he\u00fdkeli\u0148 BMG-ni\u0148 toplumyndaky \u00e7emenlikde oturdyljakdygyny a\u00fdtdy. Bu N\u00fdu-Deliden Birle\u015fen Milletler [&hellip;]<\/p>\n","protected":false},"author":2,"featured_media":69011,"comment_status":"open","ping_status":"closed","sticky":false,"template":"","format":"standard","meta":{"footnotes":""},"categories":[5],"tags":[],"acf":[],"_links":{"self":[{"href":"https:\/\/zamanturkmenistan.com.tm\/index.php?rest_route=\/wp\/v2\/posts\/69009"}],"collection":[{"href":"https:\/\/zamanturkmenistan.com.tm\/index.php?rest_route=\/wp\/v2\/posts"}],"about":[{"href":"https:\/\/zamanturkmenistan.com.tm\/index.php?rest_route=\/wp\/v2\/types\/post"}],"author":[{"embeddable":true,"href":"https:\/\/zamanturkmenistan.com.tm\/index.php?rest_route=\/wp\/v2\/users\/2"}],"replies":[{"embeddable":true,"href":"https:\/\/zamanturkmenistan.com.tm\/index.php?rest_route=%2Fwp%2Fv2%2Fcomments&post=69009"}],"version-history":[{"count":1,"href":"https:\/\/zamanturkmenistan.com.tm\/index.php?rest_route=\/wp\/v2\/posts\/69009\/revisions"}],"predecessor-version":[{"id":69010,"href":"https:\/\/zamanturkmenistan.com.tm\/index.php?rest_route=\/wp\/v2\/posts\/69009\/revisions\/69010"}],"wp:featuredmedia":[{"embeddable":true,"href":"https:\/\/zamanturkmenistan.com.tm\/index.php?rest_route=\/wp\/v2\/media\/69011"}],"wp:attachment":[{"href":"https:\/\/zamanturkmenistan.com.tm\/index.php?rest_route=%2Fwp%2Fv2%2Fmedia&parent=69009"}],"wp:term":[{"taxonomy":"category","embeddable":true,"href":"https:\/\/zamanturkmenistan.com.tm\/index.php?rest_route=%2Fwp%2Fv2%2Fcategories&post=69009"},{"taxonomy":"post_tag","embeddable":true,"href":"https:\/\/zamanturkmenistan.com.tm\/index.php?rest_route=%2Fwp%2Fv2%2Ftags&post=69009"}],"curies":[{"name":"wp","href":"https:\/\/api.w.org\/{rel}","templated":true}]}}