{"id":69013,"date":"2022-12-05T11:55:08","date_gmt":"2022-12-05T06:55:08","guid":{"rendered":"https:\/\/zamanturkmenistan.com.tm\/?p=69013"},"modified":"2022-12-05T11:55:08","modified_gmt":"2022-12-05T06:55:08","slug":"turkmenbasy-%e2%80%95-baku-aralygynda-yene-bir-gaminin-gatnawy-yola-goylar","status":"publish","type":"post","link":"https:\/\/zamanturkmenistan.com.tm\/?p=69013","title":{"rendered":"T\u00fcrkmenba\u015fy \u2015 Baku aralygynda \u00fdene bir g\u00e4mini\u0148 gatnawy \u00fdola go\u00fdlar"},"content":{"rendered":"<p>\u00abAzerba\u00fdjan Hazar de\u0148iz g\u00e4mi\u00e7iligi\u00bb \u00fdapyk g\u00f6rn\u00fc\u015fli pa\u00fddarlar jemgy\u00fdeti Ro-Ro derejeli \u00abKompozitor Fikret Amirow\u00bb g\u00e4misini d\u00fc\u00fdpli abatlady.<\/p>\n<p>I\u015fi\u0148 \u00e7\u00e4ginde g\u00e4mini\u0148 suwasty we \u00fder\u00fcsti b\u00f6lekleri arassalandy we bo\u00fdaldy, tutawa\u00e7larda, balast we \u00fd\u00fck b\u00f6l\u00fcmlerinde we be\u00fdleki \u00fderlerde poslan metal listler \u00e7al\u015fyldy.<\/p>\n<p>Esasy we k\u00f6mek\u00e7i hereketlendirijiler, sowady\u015f ulgamy we be\u00fdleki ulgamlar hem d\u00fc\u00fdpli abatlandy.<\/p>\n<p>Mundan ba\u015fga-da, ekipa\u017e \u00fc\u00e7in \u00fda\u015fa\u00fdy\u015f we hyzmat otaglary t\u00e4zelendi.<\/p>\n<p>\u00abKompozitor Fikret Amirow\u00bb g\u00e4misini\u0148 d\u00fc\u00fdpli abatlany\u015fdan so\u0148ky ilkinji ugruny\u0148 T\u00fcrkmenba\u015fy Halkara de\u0148iz porty bolmagyna gara\u015fyl\u00fdar.<\/p>\n<p>T\u00fcrkmenba\u015fy we Baku de\u0148iz portlaryny\u0148 arasynda \u00fdolag\u00e7y hem-de \u00fd\u00fck g\u00e4milerini\u0148 gatnawlary amala a\u015fyryl\u00fdar. T\u00fcrkmenba\u015fy we Al\u00fdat portlarynda bolsa gar\u015fy ugurdan gelen \u00fd\u00fckler \u00fc\u00e7in a\u00fdratyn \u00fder b\u00f6l\u00fcnip berildi.<\/p>\n","protected":false},"excerpt":{"rendered":"<p>\u00abAzerba\u00fdjan Hazar de\u0148iz g\u00e4mi\u00e7iligi\u00bb \u00fdapyk g\u00f6rn\u00fc\u015fli pa\u00fddarlar jemgy\u00fdeti Ro-Ro derejeli \u00abKompozitor Fikret Amirow\u00bb g\u00e4misini d\u00fc\u00fdpli abatlady. I\u015fi\u0148 \u00e7\u00e4ginde g\u00e4mini\u0148 suwasty we \u00fder\u00fcsti b\u00f6lekleri arassalandy we bo\u00fdaldy, tutawa\u00e7larda, balast we \u00fd\u00fck b\u00f6l\u00fcmlerinde we be\u00fdleki \u00fderlerde poslan metal listler \u00e7al\u015fyldy. Esasy we k\u00f6mek\u00e7i hereketlendirijiler, sowady\u015f ulgamy we be\u00fdleki ulgamlar hem d\u00fc\u00fdpli abatlandy. Mundan ba\u015fga-da, ekipa\u017e \u00fc\u00e7in \u00fda\u015fa\u00fdy\u015f [&hellip;]<\/p>\n","protected":false},"author":2,"featured_media":69014,"comment_status":"open","ping_status":"closed","sticky":false,"template":"","format":"standard","meta":{"footnotes":""},"categories":[3],"tags":[],"acf":[],"_links":{"self":[{"href":"https:\/\/zamanturkmenistan.com.tm\/index.php?rest_route=\/wp\/v2\/posts\/69013"}],"collection":[{"href":"https:\/\/zamanturkmenistan.com.tm\/index.php?rest_route=\/wp\/v2\/posts"}],"about":[{"href":"https:\/\/zamanturkmenistan.com.tm\/index.php?rest_route=\/wp\/v2\/types\/post"}],"author":[{"embeddable":true,"href":"https:\/\/zamanturkmenistan.com.tm\/index.php?rest_route=\/wp\/v2\/users\/2"}],"replies":[{"embeddable":true,"href":"https:\/\/zamanturkmenistan.com.tm\/index.php?rest_route=%2Fwp%2Fv2%2Fcomments&post=69013"}],"version-history":[{"count":1,"href":"https:\/\/zamanturkmenistan.com.tm\/index.php?rest_route=\/wp\/v2\/posts\/69013\/revisions"}],"predecessor-version":[{"id":69015,"href":"https:\/\/zamanturkmenistan.com.tm\/index.php?rest_route=\/wp\/v2\/posts\/69013\/revisions\/69015"}],"wp:featuredmedia":[{"embeddable":true,"href":"https:\/\/zamanturkmenistan.com.tm\/index.php?rest_route=\/wp\/v2\/media\/69014"}],"wp:attachment":[{"href":"https:\/\/zamanturkmenistan.com.tm\/index.php?rest_route=%2Fwp%2Fv2%2Fmedia&parent=69013"}],"wp:term":[{"taxonomy":"category","embeddable":true,"href":"https:\/\/zamanturkmenistan.com.tm\/index.php?rest_route=%2Fwp%2Fv2%2Fcategories&post=69013"},{"taxonomy":"post_tag","embeddable":true,"href":"https:\/\/zamanturkmenistan.com.tm\/index.php?rest_route=%2Fwp%2Fv2%2Ftags&post=69013"}],"curies":[{"name":"wp","href":"https:\/\/api.w.org\/{rel}","templated":true}]}}